{"id":19975,"date":"2012-05-10T14:25:46","date_gmt":"2012-05-10T12:25:46","guid":{"rendered":"https:\/\/www.esteri.it\/sala_stampa\/archivionotizie\/comunicati\/2012\/05\/20120510_fiabaday-2\/"},"modified":"2012-05-10T14:25:46","modified_gmt":"2012-05-10T12:25:46","slug":"20120510_fiabaday","status":"publish","type":"post","link":"https:\/\/www.esteri.it\/en\/sala_stampa\/archivionotizie\/approfondimenti\/2012\/05\/20120510_fiabaday\/","title":{"rendered":"PRAGA &#8211; Prima edizione del \u201cFiabaday\u201d contro le barriere architettoniche (in translation)"},"content":{"rendered":"<p><P>Sensibilizzare l\u2019opinione pubblica e le istituzioni sull\u2019importanza dell\u2019abbattimento di tutte le barriere, da quelle architettoniche a quelle culturali, psicologiche e sociali, come condizione imprescindibile per l\u2019affermazione delle pari opportunit\u00e0. E\u2019 questo l\u2019obiettivo del \u201cFIABADAY Repubblica Ceca 2012\u201d, in programma dal 10 al 26 maggio a Praga, organizzato dal Fondo Italiano Abbattimento Barriere Architettoniche (FIABA). <\/P><br \/>\n<P>L\u2019iniziativa FIABA CZ &#8211; alla sua prima edizione &#8211; si pone idealmente in continuit\u00e0 con l\u2019esperienza italiana della \u201cGiornata Nazionale FIABADAY per l\u2019abbattimento delle barriere architettoniche\u201d di cui quest\u2019anno si festeggia la decima edizione.<\/P><br \/>\n<P><STRONG>Il portale &#8220;SuperAbile&#8221;<\/STRONG><\/P><br \/>\n<P>Tanti gli appuntamenti in programma a Praga. E\u2019 stato coinvolto anche l\u2019Istituto Italiano di Cultura, che il 15 maggio ospiter\u00e0 la conferenza stampa di presentazione della nuova versione di \u201cSuperAbile\u201d, il portale dell\u2019INAIL dedicato alla disabilit\u00e0: pi\u00f9 accessibilit\u00e0, nuova veste grafica, un canale tematico dedicato all\u2019Europa, contenuti tradotti in lingua inglese e possibilit\u00e0 di condivisione sui social network. All\u2019evento interverranno rappresentanti delle istituzioni europee, ceche e italiane. <\/P>\u201cSono onorato di accogliere una delle sessioni ufficiali del FIABADAY presso la storica Cappella barocca dell\u2019Istituto &#8211; ha dichiarato il Direttore Paolo Sabbatini -. L\u2019abbattimento delle barriere architettoniche e il miglioramento dell\u2019accessibilit\u00e0 a servizi e strutture sono doveri civili e istituzionali, anche nel senso di un pi\u00f9 ampio recupero della dignit\u00e0 individuale. Di questi valori la cultura italiana \u00e8 portavoce\u201d.<\/p>\n","protected":false},"excerpt":{"rendered":"Sensibilizzare l\u2019opinione pubblica e le istituzioni sull\u2019importanza dell\u2019abbattimento di tutte le barriere, da quelle architettoniche a quelle culturali, psicologiche e sociali, come condizione imprescindibile per l\u2019affermazione delle pari opportunit\u00e0. E\u2019 questo l\u2019obiettivo del \u201cFIABADAY Repubblica Ceca 2012\u201d, in programma dal 10 al 26 maggio a Praga, organizzato dal Fondo Italiano Abbattimento Barriere Architettoniche (FIABA). L\u2019iniziativa [&hellip;]","protected":false},"author":1,"featured_media":0,"comment_status":"","ping_status":"","sticky":false,"template":"","format":"standard","meta":{"footnotes":""},"categories":[2],"tags":[32,9],"class_list":["post-19975","post","type-post","status-publish","format-standard","hentry","category-approfondimenti","tag-diplomazia-culturale","tag-europa"],"_links":{"self":[{"href":"https:\/\/www.esteri.it\/en\/wp-json\/wp\/v2\/posts\/19975","targetHints":{"allow":["GET"]}}],"collection":[{"href":"https:\/\/www.esteri.it\/en\/wp-json\/wp\/v2\/posts"}],"about":[{"href":"https:\/\/www.esteri.it\/en\/wp-json\/wp\/v2\/types\/post"}],"author":[{"embeddable":true,"href":"https:\/\/www.esteri.it\/en\/wp-json\/wp\/v2\/users\/1"}],"replies":[{"embeddable":true,"href":"https:\/\/www.esteri.it\/en\/wp-json\/wp\/v2\/comments?post=19975"}],"version-history":[{"count":0,"href":"https:\/\/www.esteri.it\/en\/wp-json\/wp\/v2\/posts\/19975\/revisions"}],"wp:attachment":[{"href":"https:\/\/www.esteri.it\/en\/wp-json\/wp\/v2\/media?parent=19975"}],"wp:term":[{"taxonomy":"category","embeddable":true,"href":"https:\/\/www.esteri.it\/en\/wp-json\/wp\/v2\/categories?post=19975"},{"taxonomy":"post_tag","embeddable":true,"href":"https:\/\/www.esteri.it\/en\/wp-json\/wp\/v2\/tags?post=19975"}],"curies":[{"name":"wp","href":"https:\/\/api.w.org\/{rel}","templated":true}]}}