{"id":20759,"date":"2012-02-29T12:23:23","date_gmt":"2012-02-29T11:23:23","guid":{"rendered":"https:\/\/www.esteri.it\/sala_stampa\/archivionotizie\/comunicati\/2012\/02\/20120229_parigi-2\/"},"modified":"2012-02-29T12:23:23","modified_gmt":"2012-02-29T11:23:23","slug":"20120229_parigi","status":"publish","type":"post","link":"https:\/\/www.esteri.it\/en\/sala_stampa\/archivionotizie\/approfondimenti\/2012\/02\/20120229_parigi\/","title":{"rendered":"Paris: preview of Italo-French coproduction of \u2018La Certosa di Parma\u2019"},"content":{"rendered":"<p><P>A preview showing of the film \u201cLa Certosa di Parma\u201d was held on 28 February at the Embassy of Italy in Paris in the presence of Minister for Culture Fr\u00e9d\u00e9ric Mitterrand. The film is a co-production of RAI Fiction and France T\u00e9l\u00e9vision and is based on the celebrated novel by Stendhal. It was filmed in the original locations described by the author in Emilia Romagna and Lombardy.<\/P><br \/>\n<P>To read more select ITALIANO at the top of the page.<\/P><\/p>\n","protected":false},"excerpt":{"rendered":"A preview showing of the film \u201cLa Certosa di Parma\u201d was held on 28 February at the Embassy of Italy in Paris in the presence of Minister for Culture Fr\u00e9d\u00e9ric Mitterrand. The film is a co-production of RAI Fiction and France T\u00e9l\u00e9vision and is based on the celebrated novel by Stendhal. It was filmed in [&hellip;]","protected":false},"author":1,"featured_media":0,"comment_status":"","ping_status":"","sticky":false,"template":"","format":"standard","meta":{"footnotes":""},"categories":[2],"tags":[32,9],"class_list":["post-20759","post","type-post","status-publish","format-standard","hentry","category-approfondimenti","tag-diplomazia-culturale","tag-europa"],"_links":{"self":[{"href":"https:\/\/www.esteri.it\/en\/wp-json\/wp\/v2\/posts\/20759","targetHints":{"allow":["GET"]}}],"collection":[{"href":"https:\/\/www.esteri.it\/en\/wp-json\/wp\/v2\/posts"}],"about":[{"href":"https:\/\/www.esteri.it\/en\/wp-json\/wp\/v2\/types\/post"}],"author":[{"embeddable":true,"href":"https:\/\/www.esteri.it\/en\/wp-json\/wp\/v2\/users\/1"}],"replies":[{"embeddable":true,"href":"https:\/\/www.esteri.it\/en\/wp-json\/wp\/v2\/comments?post=20759"}],"version-history":[{"count":0,"href":"https:\/\/www.esteri.it\/en\/wp-json\/wp\/v2\/posts\/20759\/revisions"}],"wp:attachment":[{"href":"https:\/\/www.esteri.it\/en\/wp-json\/wp\/v2\/media?parent=20759"}],"wp:term":[{"taxonomy":"category","embeddable":true,"href":"https:\/\/www.esteri.it\/en\/wp-json\/wp\/v2\/categories?post=20759"},{"taxonomy":"post_tag","embeddable":true,"href":"https:\/\/www.esteri.it\/en\/wp-json\/wp\/v2\/tags?post=20759"}],"curies":[{"name":"wp","href":"https:\/\/api.w.org\/{rel}","templated":true}]}}