{"id":20898,"date":"2012-02-14T16:18:15","date_gmt":"2012-02-14T15:18:15","guid":{"rendered":"https:\/\/www.esteri.it\/sala_stampa\/archivionotizie\/comunicati\/2012\/02\/20120214_ilcairo-2\/"},"modified":"2012-02-14T16:18:15","modified_gmt":"2012-02-14T15:18:15","slug":"20120214_ilcairo","status":"publish","type":"post","link":"https:\/\/www.esteri.it\/en\/sala_stampa\/archivionotizie\/approfondimenti\/2012\/02\/20120214_ilcairo\/","title":{"rendered":"Il Cairo: Italia protagonista alla fiera del libro con le offerte per ragazzi (in translation)"},"content":{"rendered":"<p><P>Anche quest\u2019anno la Fiera Internazionale del Libro del Cairo &#8211; giunta alla 43esima edizione &#8211; ha mostrato grande interesse verso l&#8217;editoria occidentale, in particolare italiana. Quest\u2019anno l\u2019ospite d\u2019onore \u00e8 stata la Tunisia, ma lo stand italiano ha avuto grande successo. In particolare, la sezione &#8220;libri per ragazzi&#8221; ed il progetto di coinvolgimento dei giovani promosso dall&#8217;Istituto di Cultura hanno suscitato particolare interesse da parte del Ministro della Cultura, Shaker Abd Al Harrid.<\/P><br \/>\n<P>L&#8217;Ambasciata Italiana e l&#8217;Istituto di Cultura hanno permesso la realizzazione di uno stand espositivo, grazie alla collaborazione dell&#8217;Uff. III della Direzione Generale per la Promozione del Sistema Paese. Quest&#8217;ultimo, congiuntamente con l&#8217;AIE (Associazione Italiana Editori) ha consentito il reperimento di oltre 100 libri per ragazzi e libri di arte, archeologia e letteratura.<\/P><br \/>\n<P>In occasione dell&#8217;apertura dei lavori, vi \u00e8 stata la presentazione del Premio Strega e del Premio Flaiano, con la partecipazione di Stefano Petrocchi, segretario del Premio Strega nonch\u00e9 coordinatore esecutivo della Fondazione Bellonci. L&#8217;illustre riconoscimento del Premio Strega, assegnato annualmente, ha incentivato anche un interessante incontro tra due gruppi di lettura costituiti presso l&#8217;Istituto Italiano di Cultura e la Facolt\u00e0 di Lingue dell&#8217;Universit\u00e0 di Ain Shams. Tali gruppi hanno la possibilit\u00e0 di partecipare alla selezione della cinquina ma soprattutto alla designazione del vincitore: un chiaro esempio di cooperazione culturale italo-egiziana.<\/P><br \/>\n<P>Sospesi temporaneamente i lavori (a causa della commemorazione della Rivoluzione), la programmazione \u00e8 proseguita con la tavola rotonda &#8220;Mahfuz e l&#8217;Italia&#8221;, per celebrare il Premio Nobel per la letteratura nel 1988. Il contributo del romanziere egiziano, cui viene riconosciuto il merito di aver dato forma ad una narrativa araba di portata universale, \u00e8 stato sottolineato da Isabella Camera D&#8217;Afflitto, Prof.ssa ordinaria di Letteratura Araba Moderna e Contemporanea presso l&#8217;Universit\u00e0 La Sapienza di Roma.<\/P><br \/>\n<P>Il primo febbraio \u00e8 stata organizzata una giornata all&#8217;insegna del dialogo interculturale, attraverso la presentazione di due volumi e di un progetto editoriale. Il 2 febbraio \u00e8 stata invece la volta del primo appuntamento della serie &#8220;Incontro a due voci&#8221;, il quale ha permesso il confronto tra due personalit\u00e0, l&#8217;una egiziana e l&#8217;altra italiana. Il primo incontro, che ha visto come protagonisti Ludina Barzini e Mohamed Abd El Kodus &#8211; entrambi penne illustri del giornalismo italiano ed egiziano &#8211; ha condotto ad un dibattito sulla presente situazione del giornalismo. Infine, a conclusione del programma, il giorno 5, si \u00e8 tenuta la tavola rotonda &#8220;Letteratura siciliana e mondo arabo&#8221;, che ha posto l&#8217;attenzione sull&#8217;unicit\u00e0 dei testi letterari di lingua siciliana all&#8217;interno del panorama mediterraneo.<\/P><\/p>\n","protected":false},"excerpt":{"rendered":"Anche quest\u2019anno la Fiera Internazionale del Libro del Cairo &#8211; giunta alla 43esima edizione &#8211; ha mostrato grande interesse verso l&#8217;editoria occidentale, in particolare italiana. Quest\u2019anno l\u2019ospite d\u2019onore \u00e8 stata la Tunisia, ma lo stand italiano ha avuto grande successo. In particolare, la sezione &#8220;libri per ragazzi&#8221; ed il progetto di coinvolgimento dei giovani promosso [&hellip;]","protected":false},"author":1,"featured_media":0,"comment_status":"","ping_status":"","sticky":false,"template":"","format":"standard","meta":{"footnotes":""},"categories":[2],"tags":[32,6],"class_list":["post-20898","post","type-post","status-publish","format-standard","hentry","category-approfondimenti","tag-diplomazia-culturale","tag-mediterraneo-e-medio-oriente"],"_links":{"self":[{"href":"https:\/\/www.esteri.it\/en\/wp-json\/wp\/v2\/posts\/20898","targetHints":{"allow":["GET"]}}],"collection":[{"href":"https:\/\/www.esteri.it\/en\/wp-json\/wp\/v2\/posts"}],"about":[{"href":"https:\/\/www.esteri.it\/en\/wp-json\/wp\/v2\/types\/post"}],"author":[{"embeddable":true,"href":"https:\/\/www.esteri.it\/en\/wp-json\/wp\/v2\/users\/1"}],"replies":[{"embeddable":true,"href":"https:\/\/www.esteri.it\/en\/wp-json\/wp\/v2\/comments?post=20898"}],"version-history":[{"count":0,"href":"https:\/\/www.esteri.it\/en\/wp-json\/wp\/v2\/posts\/20898\/revisions"}],"wp:attachment":[{"href":"https:\/\/www.esteri.it\/en\/wp-json\/wp\/v2\/media?parent=20898"}],"wp:term":[{"taxonomy":"category","embeddable":true,"href":"https:\/\/www.esteri.it\/en\/wp-json\/wp\/v2\/categories?post=20898"},{"taxonomy":"post_tag","embeddable":true,"href":"https:\/\/www.esteri.it\/en\/wp-json\/wp\/v2\/tags?post=20898"}],"curies":[{"name":"wp","href":"https:\/\/api.w.org\/{rel}","templated":true}]}}