{"id":20932,"date":"2012-02-09T14:19:47","date_gmt":"2012-02-09T13:19:47","guid":{"rendered":"https:\/\/www.esteri.it\/sala_stampa\/archivionotizie\/comunicati\/2012\/02\/20120209_giornodelricordo-2\/"},"modified":"2012-02-09T14:19:47","modified_gmt":"2012-02-09T13:19:47","slug":"20120209_giornodelricordo","status":"publish","type":"post","link":"https:\/\/www.esteri.it\/en\/sala_stampa\/archivionotizie\/approfondimenti\/2012\/02\/20120209_giornodelricordo\/","title":{"rendered":"Giorno del Ricordo (in translation)"},"content":{"rendered":"<p><P>&#8220;Impegnarsi a coltivare la memoria e a ristabilire la verit\u00e0 storica \u00e8 stato giusto e importante&#8221;. Cos\u00ec il presidente della Repubblica, Giorgio Napolitano, nel suo intervento alla cerimonia in occasione del Giorno del Ricordo, istituito nel 2004 per conservare la memoria delle foibe. &#8220;S\u00ec, serve ricordare &#8211; afferma Napolitano &#8211; anche per ripensare a tutti i fatali errori al fine di non ripeterli mai pi\u00f9&#8221;.<\/P><br \/>\n<P>&#8220;Desidero innanzitutto rinnovare il profondo sentimento di vicinanza e di solidariet\u00e0 mio personale e delle istituzioni repubblicane ai familiari delle vittime delle orrende stragi delle foibe e ai rappresentanti delle associazioni che coltivano la memoria di quella tragedia e dell&#8217;esodo di intere popolazioni&#8221;. Queste le parole con cui il presidente della Repubblica ha voluto aprire il suo saluto. Presenti, tra le istituzioni, il ministro della Cooperazione Andrea Riccardi e il ministro della Difesa Gianpaolo Di Paola. Napolitano ha ricordato le parole da lui stesso pronunciate lo scorso anno: &#8220;si \u00e8 posto fine a ogni residua congiura del silenzio, a ogni forma di rimozione diplomatica o di ingiustificabile dimenticanza rispetto a cos\u00ec tragiche esperienze&#8221;. Nell&#8217;ottica del ricordo, &#8220;\u00e9 mia intenzione &#8211; ha ricordato Napolitano &#8211; in una prossima visita gi\u00e0 programmata in Friuli, rendere omaggio alle vittime dell&#8217;eccidio di Porzus&#8221;. Napolitano ha anche ricordato &#8220;l&#8217;apporto che gli esuli&#8221; istriani, fiumani e dalmati, &#8220;hanno dato, rientrati in Italia, allo sviluppo e al progresso del nostro Paese&#8221;. Inoltre, ha citato la dichiarazione congiunta firmata lo scorso anno con il presidente croato in cui si afferma: &#8220;in ciascuno dei nostri Paesi coltiviamo, come \u00e8 giusto, la memoria delle sofferenze vissute e delle vittime. Nel perdonarci reciprocamente il male commesso volgiamo il nostro sguardo all&#8217;avvenire che con il decisivo apporto delle generazioni pi\u00f9 giovani vogliamo e possiamo edificare in una Europa sempre pi\u00f9 rappresentativa delle sue molteplici tradizioni e sempre pi\u00f9 saldamente integrata dinanzi alle nuove sfide della globalizzazione&#8221;.<\/P><\/p>\n","protected":false},"excerpt":{"rendered":"&#8220;Impegnarsi a coltivare la memoria e a ristabilire la verit\u00e0 storica \u00e8 stato giusto e importante&#8221;. Cos\u00ec il presidente della Repubblica, Giorgio Napolitano, nel suo intervento alla cerimonia in occasione del Giorno del Ricordo, istituito nel 2004 per conservare la memoria delle foibe. &#8220;S\u00ec, serve ricordare &#8211; afferma Napolitano &#8211; anche per ripensare a tutti [&hellip;]","protected":false},"author":1,"featured_media":0,"comment_status":"","ping_status":"","sticky":false,"template":"","format":"standard","meta":{"footnotes":""},"categories":[2],"tags":[7],"class_list":["post-20932","post","type-post","status-publish","format-standard","hentry","category-approfondimenti","tag-italiani-nel-mondo"],"_links":{"self":[{"href":"https:\/\/www.esteri.it\/en\/wp-json\/wp\/v2\/posts\/20932","targetHints":{"allow":["GET"]}}],"collection":[{"href":"https:\/\/www.esteri.it\/en\/wp-json\/wp\/v2\/posts"}],"about":[{"href":"https:\/\/www.esteri.it\/en\/wp-json\/wp\/v2\/types\/post"}],"author":[{"embeddable":true,"href":"https:\/\/www.esteri.it\/en\/wp-json\/wp\/v2\/users\/1"}],"replies":[{"embeddable":true,"href":"https:\/\/www.esteri.it\/en\/wp-json\/wp\/v2\/comments?post=20932"}],"version-history":[{"count":0,"href":"https:\/\/www.esteri.it\/en\/wp-json\/wp\/v2\/posts\/20932\/revisions"}],"wp:attachment":[{"href":"https:\/\/www.esteri.it\/en\/wp-json\/wp\/v2\/media?parent=20932"}],"wp:term":[{"taxonomy":"category","embeddable":true,"href":"https:\/\/www.esteri.it\/en\/wp-json\/wp\/v2\/categories?post=20932"},{"taxonomy":"post_tag","embeddable":true,"href":"https:\/\/www.esteri.it\/en\/wp-json\/wp\/v2\/tags?post=20932"}],"curies":[{"name":"wp","href":"https:\/\/api.w.org\/{rel}","templated":true}]}}