{"id":49390,"date":"2020-10-02T10:12:11","date_gmt":"2020-10-02T08:12:11","guid":{"rendered":"https:\/\/www.esteri.it\/sala_stampa\/archivionotizie\/comunicati\/2020\/10\/incontro-del-ministro-di-maio-con-il-ministro-degli-affari-esteri-turco-mevluet-cavusoglu-2\/"},"modified":"2020-10-02T10:12:11","modified_gmt":"2020-10-02T08:12:11","slug":"incontro-del-ministro-di-maio-con-il-ministro-degli-affari-esteri-turco-mevluet-cavusoglu-2","status":"publish","type":"post","link":"https:\/\/www.esteri.it\/en\/sala_stampa\/archivionotizie\/approfondimenti\/2020\/10\/incontro-del-ministro-di-maio-con-il-ministro-degli-affari-esteri-turco-mevluet-cavusoglu-2\/","title":{"rendered":"Meeting between Minister Di Mario and the Minister of Foreign Affairs of Turkey, Mevl\u00fct \u00c7avu\u015fo\u011flu"},"content":{"rendered":"<p>The Minister of Foreign Affairs and International Cooperation, Luigi Di Maio, will meet the Minister of Foreign Affairs of Turkey, Mevl\u00fct \u00c7avu\u015fo\u011flu at the Ministry of Foreign Affairs.<\/p>\n<p>A joint press point will be held at the end of the meeting.<\/p>\n<p><a href=\"https:\/\/www.facebook.com\/ItalyMFA.it\/videos\/699513147313318\/\"><i>Follow the live broadcast on the Ministry of Foreign Affairs\u2019 Facebook page>><\/i><\/a><\/p>\n","protected":false},"excerpt":{"rendered":"The Minister of Foreign Affairs and International Cooperation, Luigi Di Maio, will meet the Minister of Foreign Affairs of Turkey, Mevl\u00fct \u00c7avu\u015fo\u011flu at the Ministry of Foreign Affairs. A joint press point will be held at the end of the meeting. Follow the live broadcast on the Ministry of Foreign Affairs\u2019 Facebook page>>","protected":false},"author":1,"featured_media":0,"comment_status":"","ping_status":"","sticky":false,"template":"","format":"standard","meta":{"footnotes":""},"categories":[2],"tags":[6,76],"class_list":["post-49390","post","type-post","status-publish","format-standard","hentry","category-approfondimenti","tag-mediterraneo-e-medio-oriente","tag-ministri-precedenti"],"_links":{"self":[{"href":"https:\/\/www.esteri.it\/en\/wp-json\/wp\/v2\/posts\/49390","targetHints":{"allow":["GET"]}}],"collection":[{"href":"https:\/\/www.esteri.it\/en\/wp-json\/wp\/v2\/posts"}],"about":[{"href":"https:\/\/www.esteri.it\/en\/wp-json\/wp\/v2\/types\/post"}],"author":[{"embeddable":true,"href":"https:\/\/www.esteri.it\/en\/wp-json\/wp\/v2\/users\/1"}],"replies":[{"embeddable":true,"href":"https:\/\/www.esteri.it\/en\/wp-json\/wp\/v2\/comments?post=49390"}],"version-history":[{"count":0,"href":"https:\/\/www.esteri.it\/en\/wp-json\/wp\/v2\/posts\/49390\/revisions"}],"wp:attachment":[{"href":"https:\/\/www.esteri.it\/en\/wp-json\/wp\/v2\/media?parent=49390"}],"wp:term":[{"taxonomy":"category","embeddable":true,"href":"https:\/\/www.esteri.it\/en\/wp-json\/wp\/v2\/categories?post=49390"},{"taxonomy":"post_tag","embeddable":true,"href":"https:\/\/www.esteri.it\/en\/wp-json\/wp\/v2\/tags?post=49390"}],"curies":[{"name":"wp","href":"https:\/\/api.w.org\/{rel}","templated":true}]}}