{"id":49903,"date":"2019-11-11T16:46:21","date_gmt":"2019-11-11T15:46:21","guid":{"rendered":"https:\/\/www.esteri.it\/sala_stampa\/archivionotizie\/comunicati\/2019\/11\/diplomazia-economica-italiana-11-novembre-ultime-news-dal-mondo-2\/"},"modified":"2019-11-11T16:46:21","modified_gmt":"2019-11-11T15:46:21","slug":"diplomazia-economica-italiana-11-novembre-ultime-news-dal-mondo-2","status":"publish","type":"post","link":"https:\/\/www.esteri.it\/en\/sala_stampa\/archivionotizie\/approfondimenti\/2019\/11\/diplomazia-economica-italiana-11-novembre-ultime-news-dal-mondo-2\/","title":{"rendered":"Italy&#8217;s Economic Diplomacy, 11 November: latest news from the world\u200b"},"content":{"rendered":"<p>ITALY \u2013 CZECH REPUBLIC BUSINESS FORUM \u201cINNOVATION: A ROAD TO THE FUTURE\u201d<\/p>\n<p>The Embassy of the Czech Republic in Italy organised a Business Forum to be held in the Milan headquarters of Assolombarda next 25 November.<\/p>\n<p>The Czech delegation will be led by the Minister of Foreign Affairs of the Czech Republic, Tom\u00e1\u0161 Pet\u0159\u00ed\u010dek.\u00a0\u00a0Italy will be represented by the Undersecretary of State for Foreign Affairs and International Cooperation, Hon.\u00a0\u00a0Ivan Scalfarotto.<\/p>\n<p>The theme of the event is \u201cInnovation: a Road to the Future\u201d and it aims to identify the mutual investment and innovation opportunities in the automotive sector and in the area of life sciences, smart cities, cybersecurity and digitalisation.\u00a0\u00a0<\/p>\n<p>To participate, you must register at the following\u00a0<a href=\"http:\/\/www.assolombarda.it\/servizi\/internazionalizzazione\/appuntamenti\/repubblica-ceca-evento-e-networking-con-aziende-ceche-milano-25-novembre\/academy_registration_form\">link<\/a><\/p>\n","protected":false},"excerpt":{"rendered":"ITALY \u2013 CZECH REPUBLIC BUSINESS FORUM \u201cINNOVATION: A ROAD TO THE FUTURE\u201d The Embassy of the Czech Republic in Italy organised a Business Forum to be held in the Milan headquarters of Assolombarda next 25 November. The Czech delegation will be led by the Minister of Foreign Affairs of the Czech Republic, Tom\u00e1\u0161 Pet\u0159\u00ed\u010dek.\u00a0\u00a0Italy will [&hellip;]","protected":false},"author":1,"featured_media":0,"comment_status":"","ping_status":"","sticky":false,"template":"","format":"standard","meta":{"footnotes":""},"categories":[2],"tags":[3],"class_list":["post-49903","post","type-post","status-publish","format-standard","hentry","category-approfondimenti","tag-diplomazia-economica"],"_links":{"self":[{"href":"https:\/\/www.esteri.it\/en\/wp-json\/wp\/v2\/posts\/49903","targetHints":{"allow":["GET"]}}],"collection":[{"href":"https:\/\/www.esteri.it\/en\/wp-json\/wp\/v2\/posts"}],"about":[{"href":"https:\/\/www.esteri.it\/en\/wp-json\/wp\/v2\/types\/post"}],"author":[{"embeddable":true,"href":"https:\/\/www.esteri.it\/en\/wp-json\/wp\/v2\/users\/1"}],"replies":[{"embeddable":true,"href":"https:\/\/www.esteri.it\/en\/wp-json\/wp\/v2\/comments?post=49903"}],"version-history":[{"count":0,"href":"https:\/\/www.esteri.it\/en\/wp-json\/wp\/v2\/posts\/49903\/revisions"}],"wp:attachment":[{"href":"https:\/\/www.esteri.it\/en\/wp-json\/wp\/v2\/media?parent=49903"}],"wp:term":[{"taxonomy":"category","embeddable":true,"href":"https:\/\/www.esteri.it\/en\/wp-json\/wp\/v2\/categories?post=49903"},{"taxonomy":"post_tag","embeddable":true,"href":"https:\/\/www.esteri.it\/en\/wp-json\/wp\/v2\/tags?post=49903"}],"curies":[{"name":"wp","href":"https:\/\/api.w.org\/{rel}","templated":true}]}}