{"id":50205,"date":"2019-03-21T15:12:46","date_gmt":"2019-03-21T14:12:46","guid":{"rendered":"https:\/\/www.esteri.it\/sala_stampa\/archivionotizie\/comunicati\/2019\/03\/spagna-italian-design-day-premiati-i-vincitori-del-concorso-indetto-dall-ambasciata-2\/"},"modified":"2019-03-21T15:12:46","modified_gmt":"2019-03-21T14:12:46","slug":"spagna-italian-design-day-premiati-i-vincitori-del-concorso-indetto-dall-ambasciata-2","status":"publish","type":"post","link":"https:\/\/www.esteri.it\/en\/sala_stampa\/archivionotizie\/approfondimenti\/2019\/03\/spagna-italian-design-day-premiati-i-vincitori-del-concorso-indetto-dall-ambasciata-2\/","title":{"rendered":"Spain: Italian Design Day, awarding the winners of the competition launched by the Italian Embassy"},"content":{"rendered":"<p>For the third edition of Italian Design Day,\u00a0the Italian Embassy in Madrid\u00a0hosted the event \u201cDesign. A voyage between Italy and Spain<strong>\u201d<\/strong>\u00a0on 7 March.<\/p>\n<p>Design Ambassadors Gilda Bojardi, editor-in-chief\u00a0of the Italian Magazine INTERNI, and Marva Griffin, founder and curator of Salone Satellite &#8211; an event that is part of the Salone del Mobile in Milan and is held at Fiera Milano in Rho &#8211; offered an interesting preview on Fuori Salone and Salone Satellite scheduled to take place in Milan in April. They also recalled the most important moments of the competition \u201cDesign. A voyage between Italy and Spain,\u201d launched the day after Italian Design Day\u00a02018, addressed to young professionals and design and architecture students in Spain.<\/p>\n<p>The competition was organised in cooperation with\u00a0the Italian Magazine INTERNI, the Colegio Oficial de Arquitectos de Madrid-COAM\u00a0and the Asociaci\u00f3n de Dise\u00f1adores de Madrid-DIMAD. Many emerging designers and students from the main design universities and schools in Spain participated in the contest, developing projects dedicated to the theme: \u201cThe liquid space. Time and light in the habitat of the New Millennium.\u201d<\/p>\n<p>The members of the jury, chaired by Ambassador\u00a0Stefano Sannino, were:\u00a0Gilda Bojardi, Marva Griffin, Luciano Galimberti, president of Associazione per il Disegno Industriale, Carlos Lahoz, vice president of COAM, Mariano Mart\u00edn secretary of DIMAD,\u00a0and Mar\u00eda G\u00fcell director of Llum Festival in Barcelona. The jury met on 13 December 2018 at Mondadori\u2019s headquarters in Milan to examine the many applications received.<\/p>\n<p>Three projects were the winners: the\u00a0<strong>\u201c<\/strong>Loop\u201d\u00a0kitchen\u00a0by\u00a0Jes\u00fas L\u00f3pez de los Mozos, the \u201cBuffet Capa\u201d console by\u00a0Manuel Garc\u00eda Fraile,\u00a0and the\u00a0\u201cNess\u201d\u00a0modular trinket tray by\u00a0Cristina Castillo and Patrizia Lallana, students from the Istituto Europeo di Design in Madrid. The projects will be prototyped thanks to three Italian enterprises: Officine Tamborrino, Ethimo and Ghidini1961 and presented at the \u201cInterni Human Spaces\u201d\u00a0event\u00a0organised by the Italian Magazine INTERNI at the Universit\u00e0 Statale of Milan on the occasion of FuoriSalone that will open on 8 April.<\/p>\n<p>Moreover, the jury dedicated a special mention to the following projects: \u201cAccelerando\u201d by Naomi Pham, Maria Jos\u00e9 Martinez and Anne Sofie Grenness (students from the Istituto Europeo di Design in Barcelona); \u201cBrik n Brik\u201d by Eider Tom\u00e9 Echeverria, Martinez Vara de Rey de Artaza and Sof\u00eda Fuentes Jim\u00e9nez (students from the University School of Design, Innovation and Technology in Madrid &#8211; ESNE); \u201cEraoly\u201d by Olaya Pazos Gonz\u00e1lez; \u201cMoonline\u201d by Eric Conejo Tejada; \u201cMutable Spaces\u201d by Ekaterina Bernadzikovskaia, Magdalena Mikolajuk, Tahani Barada and Valentina Loffa (students from the Istituto Europeo di Design in Barcelona); \u201cVentaglio\u201d by Mayte Molina N\u00e1cher (student from the University School of Design, Innovation and Technology in Madrid \u2013 ESNE); \u201cXam\u201d by Raquel V\u00e1zquez Ted\u00edn and Mar\u00eda Eduarda Sampaio Olivera (students from the Istituto Europeo di Design in Madrid); \u201cEn mi casa hab\u00eda tres l\u00e1mparas\u201d by Guillermo Perales, Cristina Sequero and Alejandro Rosado. The designer of the latter project won\u00a0a scholarship for\u00a0summer<i>\u00a0<\/i>school\u00a0in Milan from\u00a0Mark Anderson,\u00a0director of the design school of the\u00a0Marangoni Institute.<\/p>\n<p>\u201cINTERNI enthusiastically accepted the Italian Embassy\u2019s invitation to participate in the competition \u201cDesign. A voyage between Italy and Spain\u201d \u2013 said Design Ambassador\u00a0<strong>Gilda Bojardi<\/strong>. \u201cYoung people, students and newly graduated professionals who participated in last year\u2019s call launched for the Semana de la Arquitectura de Madrid \u2013 of which Interni was Media Partner \u2013 worked on the proposed themes with commitment, enthusiasm and creativity. The projects presented are linked to new concepts of living that are more transversal and multifunctional, as highlighted by\u00a0today&#8217;sthree winning projects and the eight mentions which are more oriented toward a living style designed for Millennials, transitory and flexible. I am proud to announce that in April, at the FuoriSalone in Milan &#8211; of which INTERNI is the organiser and a major player &#8211; the Interni Human Spaces\u00a0exhibition-event\u00a0will be hosting the\u00a0prototypes of the winning projects by three Italian companies: Ethimo, Ghidini1961 and Officine Tamborrino\u00a0and the works of the young people mentioned above through a selected choice based on rendering and design. A spectacular setup designed by Roman architect\u00a0<strong>Davide Valoppi<\/strong>\u00a0will be placed inside the portico of the Cour d\u2019Honneur, thus highlighting the creative synergies between Italy and Spain.\u201d I believe that the collaboration between the young Spaniards and the three Italian companies selected by Interni is very significant, as they are highly representative of the points of excellence of Brand Italy, which is the true strength of our design.\u201d<\/p>\n<p>\u201cIt was a true pleasure for me to be a member of the jury in this competition and to be in Madrid to present its results\u201d \u2013 said Design Ambassador\u00a0Marva Griffin. \u201cIndeed, the initiative is fully in line with the Salone Satellite\u2019s long-lasting commitment to promote the youth and design combination.<\/p>\n<p>\u201cI am very happy to present the results of this exciting journey, that a year ago seemed to be a gamble and now is a wonderful reality, \u201d said Ambassador Stefano Sannino\u00a0during the awarding ceremony that was at the core of Italian Design Day in Madrid. \u201cAfter a year of intense work, today\u2019s event was realised thanks to our partners\u2019 commitment and to the enthusiasm manifested by many designers who participated in the initiative. It was a very ambitious project, that required the support of many eminent institutions and personalities from the Italian and Spanish world of architecture and design, as well as the work of three Italian enterprises of excellence. And the journey does not end here, because the initiative will see its fulfilment in April with the exhibition of the prototypes of the three winning projects in Milan, at the Fuori Salone. It is a unique opportunity and part of the Embassy\u2019s broader strategy. In fact, through the ITmakES project, it aims to enhance the synergies between Italy and Spain in the sector of creative cultural industries, by investing on young people and on their talent.\u201d<\/p>\n","protected":false},"excerpt":{"rendered":"For the third edition of Italian Design Day,\u00a0the Italian Embassy in Madrid\u00a0hosted the event \u201cDesign. A voyage between Italy and Spain\u201d\u00a0on 7 March. Design Ambassadors Gilda Bojardi, editor-in-chief\u00a0of the Italian Magazine INTERNI, and Marva Griffin, founder and curator of Salone Satellite &#8211; an event that is part of the Salone del Mobile in Milan and [&hellip;]","protected":false},"author":1,"featured_media":0,"comment_status":"","ping_status":"","sticky":false,"template":"","format":"standard","meta":{"footnotes":""},"categories":[2],"tags":[9,312],"class_list":["post-50205","post","type-post","status-publish","format-standard","hentry","category-approfondimenti","tag-europa","tag-italian-design-day"],"_links":{"self":[{"href":"https:\/\/www.esteri.it\/en\/wp-json\/wp\/v2\/posts\/50205","targetHints":{"allow":["GET"]}}],"collection":[{"href":"https:\/\/www.esteri.it\/en\/wp-json\/wp\/v2\/posts"}],"about":[{"href":"https:\/\/www.esteri.it\/en\/wp-json\/wp\/v2\/types\/post"}],"author":[{"embeddable":true,"href":"https:\/\/www.esteri.it\/en\/wp-json\/wp\/v2\/users\/1"}],"replies":[{"embeddable":true,"href":"https:\/\/www.esteri.it\/en\/wp-json\/wp\/v2\/comments?post=50205"}],"version-history":[{"count":0,"href":"https:\/\/www.esteri.it\/en\/wp-json\/wp\/v2\/posts\/50205\/revisions"}],"wp:attachment":[{"href":"https:\/\/www.esteri.it\/en\/wp-json\/wp\/v2\/media?parent=50205"}],"wp:term":[{"taxonomy":"category","embeddable":true,"href":"https:\/\/www.esteri.it\/en\/wp-json\/wp\/v2\/categories?post=50205"},{"taxonomy":"post_tag","embeddable":true,"href":"https:\/\/www.esteri.it\/en\/wp-json\/wp\/v2\/tags?post=50205"}],"curies":[{"name":"wp","href":"https:\/\/api.w.org\/{rel}","templated":true}]}}