{"id":100397,"date":"2023-05-05T10:34:04","date_gmt":"2023-05-05T08:34:04","guid":{"rendered":"https:\/\/www.esteri.it\/?p=100397"},"modified":"2023-05-05T13:34:29","modified_gmt":"2023-05-05T11:34:29","slug":"turchia-inaugurata-nuova-sede-consolato-ditalia-a-izmir","status":"publish","type":"post","link":"https:\/\/www.esteri.it\/it\/sala_stampa\/archivionotizie\/retediplomatica\/2023\/05\/turchia-inaugurata-nuova-sede-consolato-ditalia-a-izmir\/","title":{"rendered":"Turchia, inaugurata nuova sede Consolato d\u2019Italia a Izmir"},"content":{"rendered":"<p>L&#8217;Ambasciatore d&#8217;Italia in Turchia Giorgio Marrapodi, il Direttore Generale per gli italiani all&#8217;estero Luigi Maria Vignali e il Console d&#8217;Italia a Izmir Valerio Giorgio, alla presenza del Prefetto Selim Kosger e del Sindaco della Grande Municipalit\u00e0 Tun\u00e7 Soyer, hanno inaugurato la nuova sede del Consolato d&#8217;Italia a Izmir presso la Heris Tower.<\/p>\n<p>I circa 1500 cittadini italiani residenti a Izmir, presenti nella regione egea sin dall&#8217;epoca delle Repubbliche marinare e diventati pi\u00f9 numerosi grazie alle aziende italiane stabilitesi in Turchia negli anni &#8217;90, avranno ora a disposizione uffici pi\u00f9 moderni e funzionali dove potranno anche richiedere la carta di identit\u00e0 elettronica nell&#8217;ambito del progetto pilota di rilascio delle carte elettroniche extra UE.<\/p>\n<p>Il Consolato potr\u00e0 cos\u00ec continuare al meglio la sua collaborazione con il Com.It.Es di Izmir, la Scuola italiana primaria e dell&#8217;infanzia e il Centro culturale Carlo Goldoni impegnati nella diffusione della lingua italiana.<\/p>\n<p>Le relazioni tra Izmir e l&#8217;Italia si rafforzano di un altro importante tassello di cui potranno beneficiare anche gli oltre 15.000 cittadini turchi che ogni anno richiedono visti per turismo, affari, studio.<\/p>\n","protected":false},"excerpt":{"rendered":"L&#8217;Ambasciatore d&#8217;Italia in Turchia Giorgio Marrapodi, il Direttore Generale per gli italiani all&#8217;estero Luigi Maria Vignali e il Console d&#8217;Italia a Izmir Valerio Giorgio, alla presenza del Prefetto Selim Kosger e del Sindaco della Grande Municipalit\u00e0 Tun\u00e7 Soyer, hanno inaugurato la nuova sede del Consolato d&#8217;Italia a Izmir presso la Heris Tower. I circa 1500 [&hellip;]","protected":false},"author":3,"featured_media":100398,"comment_status":"closed","ping_status":"closed","sticky":false,"template":"","format":"standard","meta":{"footnotes":""},"categories":[20],"tags":[9,107],"class_list":["post-100397","post","type-post","status-publish","format-standard","has-post-thumbnail","hentry","category-retediplomatica","tag-europa","tag-visti"],"_links":{"self":[{"href":"https:\/\/www.esteri.it\/it\/wp-json\/wp\/v2\/posts\/100397","targetHints":{"allow":["GET"]}}],"collection":[{"href":"https:\/\/www.esteri.it\/it\/wp-json\/wp\/v2\/posts"}],"about":[{"href":"https:\/\/www.esteri.it\/it\/wp-json\/wp\/v2\/types\/post"}],"author":[{"embeddable":true,"href":"https:\/\/www.esteri.it\/it\/wp-json\/wp\/v2\/users\/3"}],"replies":[{"embeddable":true,"href":"https:\/\/www.esteri.it\/it\/wp-json\/wp\/v2\/comments?post=100397"}],"version-history":[{"count":2,"href":"https:\/\/www.esteri.it\/it\/wp-json\/wp\/v2\/posts\/100397\/revisions"}],"predecessor-version":[{"id":100424,"href":"https:\/\/www.esteri.it\/it\/wp-json\/wp\/v2\/posts\/100397\/revisions\/100424"}],"wp:featuredmedia":[{"embeddable":true,"href":"https:\/\/www.esteri.it\/it\/wp-json\/wp\/v2\/media\/100398"}],"wp:attachment":[{"href":"https:\/\/www.esteri.it\/it\/wp-json\/wp\/v2\/media?parent=100397"}],"wp:term":[{"taxonomy":"category","embeddable":true,"href":"https:\/\/www.esteri.it\/it\/wp-json\/wp\/v2\/categories?post=100397"},{"taxonomy":"post_tag","embeddable":true,"href":"https:\/\/www.esteri.it\/it\/wp-json\/wp\/v2\/tags?post=100397"}],"curies":[{"name":"wp","href":"https:\/\/api.w.org\/{rel}","templated":true}]}}