{"id":100595,"date":"2023-05-09T14:53:20","date_gmt":"2023-05-09T12:53:20","guid":{"rendered":"https:\/\/www.esteri.it\/?p=100595"},"modified":"2023-05-09T14:53:20","modified_gmt":"2023-05-09T12:53:20","slug":"country-presentation-kosovo-roma-11-maggio-2023","status":"publish","type":"post","link":"https:\/\/www.esteri.it\/it\/sala_stampa\/archivionotizie\/eventi\/2023\/05\/country-presentation-kosovo-roma-11-maggio-2023\/","title":{"rendered":"Country Presentation Kosovo: Roma, 11 maggio 2023"},"content":{"rendered":"<p>Il Ministero degli Affari Esteri e della Cooperazione Internazionale e l&#8217;Agenzia ICE organizzano una &#8220;Country Presentation&#8221; dedicata alla Repubblica del Kosovo.<\/p>\n<p>L&#8217;evento si terr\u00e0 a Roma presso Agenzia ICE (Via Liszt 21) l&#8217;11 maggio 2023 a partire dalle ore 09,30 e comprender\u00e0 una sessione istituzionale seguita da presentazioni delle opportunit\u00e0 di interscambio commerciale, collaborazione industriale ed investimento nel mercato kosovaro, con particolare attenzione sui settori di legno e arredo, agroindustria e agroalimentare, ICT, digitalizzazione e automazione industriale.<\/p>\n<p>Le presentazioni saranno accompagnate da interventi istituzionali e associativi di parte kosovara e italiana e da testimonianze aziendali.<\/p>\n<p>Il programma prevede il contributo, tra gli altri, di: Kosovo Investment and Enterprise Support Agency (KIESA), Association of Wood Processors of Kosovo (AWPK), Tax Administration of Kosovo (ATK), Kosovo Customs, Ministry of Industry, Entrepreneurship and Trade of the Republic of Kosovo, Ministry of Economy of the Republic of Kosovo, Ministry of Agriculture, Forestry and Rural Development of the Republic of Kosovo, Association of Fruits and Vegetables processors of Kosovo (PePeKo), Kosovo Manufacturing Club, Businessmen and Craftsmen Association Prizren (ESNAF), Innovation &amp; Training Park Prizren.<\/p>\n<p>Per aderire all&#8217;iniziativa \u00e8 necessario compilare <strong><a href=\"https:\/\/docs.google.com\/forms\/d\/e\/1FAIpQLSdc0MY4t6i3uQyjTUNjtV1mhsqSr9S4gnGp3nkDnRB6BQEZbQ\/viewform\">il modulo online<\/a><\/strong>.<\/p>\n","protected":false},"excerpt":{"rendered":"Il Ministero degli Affari Esteri e della Cooperazione Internazionale e l&#8217;Agenzia ICE organizzano una &#8220;Country Presentation&#8221; dedicata alla Repubblica del Kosovo. L&#8217;evento si terr\u00e0 a Roma presso Agenzia ICE (Via Liszt 21) l&#8217;11 maggio 2023 a partire dalle ore 09,30 e comprender\u00e0 una sessione istituzionale seguita da presentazioni delle opportunit\u00e0 di interscambio commerciale, collaborazione industriale [&hellip;]","protected":false},"author":3,"featured_media":0,"comment_status":"closed","ping_status":"closed","sticky":false,"template":"","format":"standard","meta":{"footnotes":""},"categories":[21],"tags":[3,9],"class_list":["post-100595","post","type-post","status-publish","format-standard","hentry","category-eventi","tag-diplomazia-economica","tag-europa"],"_links":{"self":[{"href":"https:\/\/www.esteri.it\/it\/wp-json\/wp\/v2\/posts\/100595","targetHints":{"allow":["GET"]}}],"collection":[{"href":"https:\/\/www.esteri.it\/it\/wp-json\/wp\/v2\/posts"}],"about":[{"href":"https:\/\/www.esteri.it\/it\/wp-json\/wp\/v2\/types\/post"}],"author":[{"embeddable":true,"href":"https:\/\/www.esteri.it\/it\/wp-json\/wp\/v2\/users\/3"}],"replies":[{"embeddable":true,"href":"https:\/\/www.esteri.it\/it\/wp-json\/wp\/v2\/comments?post=100595"}],"version-history":[{"count":1,"href":"https:\/\/www.esteri.it\/it\/wp-json\/wp\/v2\/posts\/100595\/revisions"}],"predecessor-version":[{"id":100596,"href":"https:\/\/www.esteri.it\/it\/wp-json\/wp\/v2\/posts\/100595\/revisions\/100596"}],"wp:attachment":[{"href":"https:\/\/www.esteri.it\/it\/wp-json\/wp\/v2\/media?parent=100595"}],"wp:term":[{"taxonomy":"category","embeddable":true,"href":"https:\/\/www.esteri.it\/it\/wp-json\/wp\/v2\/categories?post=100595"},{"taxonomy":"post_tag","embeddable":true,"href":"https:\/\/www.esteri.it\/it\/wp-json\/wp\/v2\/tags?post=100595"}],"curies":[{"name":"wp","href":"https:\/\/api.w.org\/{rel}","templated":true}]}}