{"id":100640,"date":"2023-05-10T16:27:59","date_gmt":"2023-05-10T14:27:59","guid":{"rendered":"https:\/\/www.esteri.it\/?p=100640"},"modified":"2025-12-17T15:17:24","modified_gmt":"2025-12-17T14:17:24","slug":"firmata-la-dichiarazione-dintenti-tra-il-maeci-e-la-fondazione-reggio-children","status":"publish","type":"post","link":"https:\/\/www.esteri.it\/it\/sala_stampa\/archivionotizie\/eventi\/2023\/05\/firmata-la-dichiarazione-dintenti-tra-il-maeci-e-la-fondazione-reggio-children\/","title":{"rendered":"Firmata la Dichiarazione d\u2019intenti tra il MAECI e la Fondazione Reggio Children"},"content":{"rendered":"<p>\u00c8 stata firmata oggi, al <strong>Centro Internazionale Loris Malaguzzi di Reggio Emilia<\/strong>, alla presenza dell\u2019Assessora all\u2019Educazione e Citt\u00e0 universitaria Raffaella <strong>Curioni<\/strong>, una <strong>Dichiarazione d\u2019intenti<\/strong> tra il MAECI e la Fondazione Reggio Children che mira a promuovere la <strong>collaborazione<\/strong> in materia di <strong>promozione della lingua e cultura italiana<\/strong> e di <strong>diritto all\u2019educazione<\/strong>.<\/p>\n<p>Per la <strong>Farnesina<\/strong>, la Dichiarazione \u00e8 stata sottoscritta dal Capo dell\u2019ufficio preposto al Sistema della Formazione Italiana nel Mondo, Consigliere d\u2019Ambasciata Marco Maria <strong>Cerbo<\/strong>. \u201cLa Dichiarazione d\u2019intenti si inserisce nell\u2019ambito delle iniziative che il <strong>Sistema della Formazione Italiana nel Mondo<\/strong> realizza per <strong>promuovere il modello formativo italiano<\/strong>, la conoscenza della lingua e della cultura italiana e le <strong>relazioni tra le comunit\u00e0 educative<\/strong> presenti <strong>in Italia e nel mondo<\/strong>\u201d, racconta il Consigliere Cerbo. \u201cNel quadro della Dichiarazione sar\u00e0 costituito un <strong>Tavolo di lavoro<\/strong> e saranno sviluppate <strong>azioni congiunte<\/strong> di promozione linguistico-culturale, in raccordo con il Ministero e la sua rete estera\u201d.<\/p>\n<p>Per la <strong>Fondazione Reggio Children<\/strong>, la Dichiarazione \u00e8 stata firmata dalla Presidente Carla <strong>Rinaldi<\/strong>: \u201cSiamo onorati di avviare con il MAECI un percorso che riguarda la promozione della cultura e lingua italiana e il <strong>diritto all\u2019educazione<\/strong>, mettendo <strong>in rete eccellenze italiane internazionali in campo culturale ed educativo<\/strong>: il Sistema della Formazione Italiana nel Mondo con l\u2019esperienza nata a Reggio Emilia\u201d dichiara la Presidente. \u201cSulla base della <strong>Carta sull\u2019Educazione di Qualit\u00e0<\/strong>, possiamo mettere a disposizione iniziative, saperi e sguardi a partire da un\u2019idea di <strong>infanzia<\/strong> che in qualsiasi contesto sociale, economico, politico, sottolinea l\u2019unicit\u00e0 e ricchezza di ogni essere vivente e la sua <strong>realizzazione nella comunit\u00e0 educante<\/strong>\u201d.<\/p>\n<p>La <a href=\"https:\/\/www.frchildren.org\/it\">Fondazione Reggio Children<\/a> trae origine dal progetto educativo elaborato e praticato nelle <strong>Scuole e Nidi d\u2019Infanzia del Comune di Reggio Emilia<\/strong> ed \u00e8 impegnata nella <strong>diffusione internazionale<\/strong> dei <strong>valori<\/strong> e delle <strong>esperienze educative<\/strong> maturate negli anni con l\u2019obiettivo di migliorare la vita delle comunit\u00e0 nel mondo, promuovendo i diritti dell\u2019infanzia, a partire dal <strong>diritto all\u2019educazione di qualit\u00e0<\/strong>, attraverso progetti di ricerca e solidariet\u00e0.<\/p>\n<p>L&#8217;esperienza educativa di Reggio Emilia, meglio nota nel mondo come <strong>Reggio Emilia Approach\u00ae<\/strong>, rappresenta una delle principali <strong>eccellenze italiane<\/strong> nel campo dell\u2019<strong>educazione per l\u2019infanzia.<\/strong> La bont\u00e0 di tale approccio \u00e8 testimoniata anche dalle istituzioni del Sistema della Formazione Italiana nel Mondo che gi\u00e0 si ispirano ai suoi principi: tra queste, la Scuola Maria Montessori a <strong>Barcellona<\/strong>, l\u2019Istituto Fondazione Torino a <strong>Belo Horizonte<\/strong>, la Scuola Italiana a <strong>Madrid<\/strong>, la Scuola d\u2019Italia Marconi a <strong>New York<\/strong>, la Scuola International School a <strong>San Francisco<\/strong>, l\u2019Istituto Eugenio Montale a <strong>San Paolo<\/strong>, la Scuola Italiana a <strong>Zurigo<\/strong>.<\/p>\n<p>Il <a href=\"https:\/\/www.esteri.it\/it\/diplomazia-culturale-e-diplomazia-scientifica\/cultura\/sistema-della-formazione-italiana-nel-mondo\/\">Sistema della Formazione Italiana nel Mondo<\/a> \u00e8 una rete internazionale di istituzioni educative che conta ad oggi 7 scuole statali, 45 scuole paritarie, 92 sezioni italiane in scuole straniere, 130 lettorati in universit\u00e0 straniere e oltre 10.000 corsi di lingua e cultura italiana.<\/p>\n<p>&nbsp;<\/p>\n","protected":false},"excerpt":{"rendered":"\u00c8 stata firmata oggi, al Centro Internazionale Loris Malaguzzi di Reggio Emilia, alla presenza dell\u2019Assessora all\u2019Educazione e Citt\u00e0 universitaria Raffaella Curioni, una Dichiarazione d\u2019intenti tra il MAECI e la Fondazione Reggio Children che mira a promuovere la collaborazione in materia di promozione della lingua e cultura italiana e di diritto all\u2019educazione. Per la Farnesina, la [&hellip;]","protected":false},"author":5,"featured_media":100642,"comment_status":"closed","ping_status":"closed","sticky":false,"template":"","format":"standard","meta":{"footnotes":""},"categories":[21],"tags":[32],"class_list":["post-100640","post","type-post","status-publish","format-standard","has-post-thumbnail","hentry","category-eventi","tag-diplomazia-culturale"],"_links":{"self":[{"href":"https:\/\/www.esteri.it\/it\/wp-json\/wp\/v2\/posts\/100640","targetHints":{"allow":["GET"]}}],"collection":[{"href":"https:\/\/www.esteri.it\/it\/wp-json\/wp\/v2\/posts"}],"about":[{"href":"https:\/\/www.esteri.it\/it\/wp-json\/wp\/v2\/types\/post"}],"author":[{"embeddable":true,"href":"https:\/\/www.esteri.it\/it\/wp-json\/wp\/v2\/users\/5"}],"replies":[{"embeddable":true,"href":"https:\/\/www.esteri.it\/it\/wp-json\/wp\/v2\/comments?post=100640"}],"version-history":[{"count":2,"href":"https:\/\/www.esteri.it\/it\/wp-json\/wp\/v2\/posts\/100640\/revisions"}],"predecessor-version":[{"id":165207,"href":"https:\/\/www.esteri.it\/it\/wp-json\/wp\/v2\/posts\/100640\/revisions\/165207"}],"wp:featuredmedia":[{"embeddable":true,"href":"https:\/\/www.esteri.it\/it\/wp-json\/wp\/v2\/media\/100642"}],"wp:attachment":[{"href":"https:\/\/www.esteri.it\/it\/wp-json\/wp\/v2\/media?parent=100640"}],"wp:term":[{"taxonomy":"category","embeddable":true,"href":"https:\/\/www.esteri.it\/it\/wp-json\/wp\/v2\/categories?post=100640"},{"taxonomy":"post_tag","embeddable":true,"href":"https:\/\/www.esteri.it\/it\/wp-json\/wp\/v2\/tags?post=100640"}],"curies":[{"name":"wp","href":"https:\/\/api.w.org\/{rel}","templated":true}]}}