{"id":101231,"date":"2023-05-25T10:04:09","date_gmt":"2023-05-25T08:04:09","guid":{"rendered":"https:\/\/www.esteri.it\/?p=101231"},"modified":"2023-05-25T10:04:09","modified_gmt":"2023-05-25T08:04:09","slug":"tajani-brindisi-si-proietta-verso-scenari-globali-anche-grazie-alla-base-onu-la-gazzetta-del-mezzogiorno","status":"publish","type":"post","link":"https:\/\/www.esteri.it\/it\/sala_stampa\/archivionotizie\/interviste\/2023\/05\/tajani-brindisi-si-proietta-verso-scenari-globali-anche-grazie-alla-base-onu-la-gazzetta-del-mezzogiorno\/","title":{"rendered":"Tajani: \u00abBrindisi si proietta verso scenari globali anche grazie alla base Onu\u00bb  (La Gazzetta del Mezzogiorno)"},"content":{"rendered":"<p><strong>Ministro Antonio Tajani, oggi pomeriggio sar\u00e0 a Brindisi (alle 18.30) ospite di un incontro organizzato da Confindustria. Che ruolo pu\u00f2 svolgere la Puglia tra scambi con Oriente e nuove politiche energetiche?<br \/>\n<\/strong>\u00abII Sud dell&#8217;Italia e quindi la Puglia possono davvero diventare un hub energetico del Mediterraneo, un luogo verso cui indirizzare l&#8217;energia prodotta in maniera tradizionale ma anche sostenibile, per redistribuirla in Italia e in Europa. La Puglia \u00e8 anche un luogo in cui lo sviluppo della portualit\u00e0 pu\u00f2 essere messo al servizio dell&#8217;economia italiana ed europea. Dobbiamo lavorare in questa direzione, e l&#8217;intenzione del Governo nazionale \u00e8 proprio questa: offrire un percorso per mettere in concreto le idee che questa visione propone a una regione decisiva per l&#8217;Italia\u00bb.<\/p>\n<p><strong>C&#8217;\u00e8 poi un altro settore, che riguarda le competenze del suo ministero, quello della presenza della base Onu a Brindisi.<br \/>\n<\/strong>\u00abQuella delle Nazioni Unite \u00e8 una base, un polo logistico che ha aspetti fondamentali per l&#8217;Italia e per la Puglia. Il polo di Brindisi tiene coinvolta tutta l&#8217;Italia e quindi il nostro Governo su un aspetto decisivo delle attivit\u00e0 delle Nazioni Unite: la gestione delle emergenze nelle aree di crisi. Il polo ha un impatto positivo sull&#8217;economia ma vorrei dire anche sulla internazionalizzazione di Brindisi. Ma la sola presenza di questa sede Onu tiene l&#8217;Italia mobilitata su questioni vitali per il continuo coinvolgimento del paese negli affari internazionali\u00bb.<\/p>\n<p><strong>La modernizzazione della Puglia passa da Brindisi, dove il centrodestra propone un candidato moderato, Pino Marchionna, contro il rivale grillino schierato su posizioni critiche del produttivismo. Quale la posta in palio?<br \/>\n<\/strong>\u00abll centrodestra ha puntato su un uomo che ha dimostrato di saper governare bene la comunit\u00e0 di Brindisi, con saggezza, con visione, con spirito riformista e capacit\u00e0 di guardare avanti. Con le sue capacit\u00e0 amministrative e politiche ha dimostrato di poter aggregare anche gli elettori riformisti e liberali pi\u00f9 vicini ad altre parti dello schieramento politico. Ma poi c&#8217;\u00e8 questo: il nostro candidato \u00e8 parte di un progetto politico che pensa al futuro del paese, che \u00e8 pronto a investire, a cambiare, a costruire nel rispetto delle leggi e della necessit\u00e0 di preservare i nostri territori. L&#8217;esatto opposto di chi come i 5Stelle ha vissuto sulla paralisi, sulla paura del cambiamento, sulla demonizzazione di tutto quanto possa essere evoluzione dallo status quo. Noi difendiamo Brindisi, ma vogliamo costruire il suo futuro\u00bb.<\/p>\n<p><strong>II governo e la sfida del Pnrr: che effetti vi attendete dalla riforma della governance elaborata dal ministro Raffaele Fitto?<br \/>\n<\/strong>\u00abLa governance va nella direzione giusta, quella dell&#8217;efficienza. Il Pnrr \u00e8 stato scritto per la crisi del Coronavirus ma prima della guerra in Ucraina. Come abbiamo sempre detto, dobbiamo usare la flessibilit\u00e0 in accordo con Bruxelles, cambiare senza stravolgere il piano, in armonia con l&#8217;Europa per seguire esigenze mutate in condizioni generali che sono cambiate\u00bb.<\/p>\n<p><strong>Sul fronte immigrazione l&#8217;Italia ha consolidato il dialogo con la sponda Sud del Mediterraneo. E soprattutto con la Tunisia. Che novit\u00e0 ci sono sul dossier dei fondi per Tunisi?<br \/>\n<\/strong>\u00abQuesta della crisi in Tunisia \u00e8 una questione che il governo ha affrontato con forza negli ultimi mesi: il paese nostro dirimpettaio vive una crisi complessa, politica, sociale ed economica. Da tempo la Tunisia ha chiesto un aiuto al Fondo Monetario Internazionale, che condiziona il rilascio di un cospicuo finanziamento a fronte di riforme economiche. Su questo il negoziato si \u00e8 bloccato. Noi crediamo che bisogna procedere con alcune concessioni iniziali, per non lasciar collassare l&#8217;economia tunisina e veder quindi crollare il sistema politico che lo governa. I nostri partner europei all&#8217;inizio erano del tutto ostili a una proposta del genere, dicevano &#8220;o le riforme oppure nessun finanziamento&#8221;. Adesso innanzitutto con la Francia ma poi con i principali paesi europei stiamo raggiungendo una maggiore intesa: la Tunisia deve fare riforme, i diritti politici vanno rispettati, ma intanto non abbandoniamo un popolo, un paese amico dell&#8217;Europa. Aiutiamo la Tunisia subito\u00bb.<\/p>\n<p><strong>In Finlandia il nuovo governo ricalca l&#8217;alleanza Ppe-conservatori, fondata nel 1994 da Berlusconi, che ora guida l&#8217;Italia. \u00c8 uno schema possibile anche per il prossimo parlamento europeo?<br \/>\n<\/strong>\u00ab\u00c8 importante che vadano avanti i contatti fra i Conservatori europei e i leader del Partito Popolare. Io da sempre sono sostenitore di una alleanza fra queste due forze e i liberali, la stessa alleanza che port\u00f2 alla mia elezione a presidente del Parlamento europeo nel 2017. Popolari e Conservatori sono forze diverse, ma gi\u00e0 adesso spesso votano insieme nel Parlamento europeo. \u00c8 un percorso che seguiremo\u00bb.<\/p>\n<p><strong>In Puglia Forza Italia alle comunali ha dimostrato un grande attivismo, raccogliendo consensi che segnalano la regione come vera roccaforte berlusconiana. Su cosa si fonda questo risultato, che migliora quello gi\u00e0 molto positivo delle politiche?<br \/>\n<\/strong>\u00abIo credo che il segreto di Forza Italia sia molto semplice: in un&#8217;epoca di polarizzazioni estreme, il nostro partito rappresenta un simbolo di equilibrio, moderazione, attivismo. \u00c8 questo il messaggio che Silvio Berlusconi lanci\u00f2 alla fondazione del partito e che ha confermato con il video alla convention di Milano dei giorni scorsi. In particolare nelle realt\u00e0 locali, e quindi anche in Puglia, Forza Italia \u00e8 un partito che amministra i territori con equilibrio e saggezza. \u00c8 quello che sono sicuro sapremo fare anche a Brindisi, ad Altamura, ad Acquaviva delle Fonti e a Mola di Bari per i prossimi 5 anni!\u00bb.<\/p>\n","protected":false},"excerpt":{"rendered":"Ministro Antonio Tajani, oggi pomeriggio sar\u00e0 a Brindisi (alle 18.30) ospite di un incontro organizzato da Confindustria. Che ruolo pu\u00f2 svolgere la Puglia tra scambi con Oriente e nuove politiche energetiche? \u00abII Sud dell&#8217;Italia e quindi la Puglia possono davvero diventare un hub energetico del Mediterraneo, un luogo verso cui indirizzare l&#8217;energia prodotta in maniera [&hellip;]","protected":false},"author":19,"featured_media":101232,"comment_status":"closed","ping_status":"closed","sticky":false,"template":"","format":"standard","meta":{"footnotes":""},"categories":[23],"tags":[28],"class_list":["post-101231","post","type-post","status-publish","format-standard","has-post-thumbnail","hentry","category-interviste","tag-ministro"],"_links":{"self":[{"href":"https:\/\/www.esteri.it\/it\/wp-json\/wp\/v2\/posts\/101231","targetHints":{"allow":["GET"]}}],"collection":[{"href":"https:\/\/www.esteri.it\/it\/wp-json\/wp\/v2\/posts"}],"about":[{"href":"https:\/\/www.esteri.it\/it\/wp-json\/wp\/v2\/types\/post"}],"author":[{"embeddable":true,"href":"https:\/\/www.esteri.it\/it\/wp-json\/wp\/v2\/users\/19"}],"replies":[{"embeddable":true,"href":"https:\/\/www.esteri.it\/it\/wp-json\/wp\/v2\/comments?post=101231"}],"version-history":[{"count":1,"href":"https:\/\/www.esteri.it\/it\/wp-json\/wp\/v2\/posts\/101231\/revisions"}],"predecessor-version":[{"id":101233,"href":"https:\/\/www.esteri.it\/it\/wp-json\/wp\/v2\/posts\/101231\/revisions\/101233"}],"wp:featuredmedia":[{"embeddable":true,"href":"https:\/\/www.esteri.it\/it\/wp-json\/wp\/v2\/media\/101232"}],"wp:attachment":[{"href":"https:\/\/www.esteri.it\/it\/wp-json\/wp\/v2\/media?parent=101231"}],"wp:term":[{"taxonomy":"category","embeddable":true,"href":"https:\/\/www.esteri.it\/it\/wp-json\/wp\/v2\/categories?post=101231"},{"taxonomy":"post_tag","embeddable":true,"href":"https:\/\/www.esteri.it\/it\/wp-json\/wp\/v2\/tags?post=101231"}],"curies":[{"name":"wp","href":"https:\/\/api.w.org\/{rel}","templated":true}]}}