{"id":10433,"date":"2016-03-10T12:36:11","date_gmt":"2016-03-10T11:36:11","guid":{"rendered":"https:\/\/www.esteri.it\/sala_stampa\/archivionotizie\/comunicati\/2016\/03\/gentiloni-a-malta-libia-e-crisi\/"},"modified":"2016-03-10T12:36:11","modified_gmt":"2016-03-10T11:36:11","slug":"gentiloni-a-malta-libia-e-crisi","status":"publish","type":"post","link":"https:\/\/www.esteri.it\/it\/sala_stampa\/archivionotizie\/approfondimenti\/2016\/03\/gentiloni-a-malta-libia-e-crisi\/","title":{"rendered":"Gentiloni a Malta: Libia e crisi migranti in agenda"},"content":{"rendered":"<p>La crisi dei migranti, la lotta la terrorismo e la Libia. Sono questi, oltre ai rapporti bilaterali tra Italia e Malta, i temi principali sul tavolo degli incontri che il Ministro degli Esteri Paolo Gentiloni avr\u00e0 oggi a La Valletta con il suo collega George Vella, la Presidente della Repubblica Marie Louise Coleiro Preca, il Primo Ministro Joseph Muscat, il Ministro dell&#8217;Economia e degli Investimenti Christian Cardona e la Commissione Affari Esteri ed Europei del Parlamento, presieduta dall&#8217;On. Luciano Busuttil. Quest&#8217;ultimo incontro avr\u00e0 luogo all&#8217;interno del nuovo Parlamento maltese, realizzato sul progetto di Renzo Piano.<\/p>\n<p>La crisi libica assume per Malta una dimensione centrale, data la prossimit\u00e0 geografica e gli interessi economico-finanziari in gioco, nonch\u00e9 la questione della minaccia terroristica. Negli incontri sar\u00e0 ribadita l&#8217;esigenza di mantenere alta l&#8217;attenzione sulla sponda sud del Mediterraneo, anche in vista della Presidenza maltese del Consiglio dell&#8217;Ue nel primo semestre del 2017. Verr\u00e0 sottolineata e confermata da parte del Ministro Gentiloni l&#8217;inclusivit\u00e0 dell&#8217;Iniziativa dei Paesi Fondatori e l&#8217;impegno a celebrare l&#8217;anniversario del Trattato di Roma, che cadr\u00e0 sotto Presidenza maltese del Consiglio Ue.<\/p>\n<p>Ci sar\u00e0 spazio anche per affrontare temi bilaterali. Nel 2015 si sono recati in visita sull&#8217;isola il Presidente del Consiglio Matteo Renzi per l&#8217;inaugurazione dell&#8217;inter-connettore elettrico Sicilia-Malta (9 aprile) e il Capo dello Stato Sergio Mattarella (22 luglio). Nel frattempo si \u00e8 rafforzato il dialogo politico con La Valletta, anche in relazione all&#8217;emergenza migratoria, che vede Malta allineata sulle posizioni italiane in ambito europeo. Sul piano economico-commerciale, l&#8217;Italia continua ad essere il principale partner economico-commerciale e uno dei principali investitori produttivi sull&#8217;isola<\/p>\n","protected":false},"excerpt":{"rendered":"La crisi dei migranti, la lotta la terrorismo e la Libia. Sono questi, oltre ai rapporti bilaterali tra Italia e Malta, i temi principali sul tavolo degli incontri che il Ministro degli Esteri Paolo Gentiloni avr\u00e0 oggi a La Valletta con il suo collega George Vella, la Presidente della Repubblica Marie Louise Coleiro Preca, il [&hellip;]","protected":false},"author":1,"featured_media":0,"comment_status":"","ping_status":"","sticky":false,"template":"","format":"standard","meta":{"footnotes":""},"categories":[2],"tags":[3,9,6,76,404,42],"class_list":["post-10433","post","type-post","status-publish","format-standard","hentry","category-approfondimenti","tag-diplomazia-economica","tag-europa","tag-mediterraneo-e-medio-oriente","tag-ministri-precedenti","tag-sicurezza","tag-unione-europea"],"_links":{"self":[{"href":"https:\/\/www.esteri.it\/it\/wp-json\/wp\/v2\/posts\/10433","targetHints":{"allow":["GET"]}}],"collection":[{"href":"https:\/\/www.esteri.it\/it\/wp-json\/wp\/v2\/posts"}],"about":[{"href":"https:\/\/www.esteri.it\/it\/wp-json\/wp\/v2\/types\/post"}],"author":[{"embeddable":true,"href":"https:\/\/www.esteri.it\/it\/wp-json\/wp\/v2\/users\/1"}],"replies":[{"embeddable":true,"href":"https:\/\/www.esteri.it\/it\/wp-json\/wp\/v2\/comments?post=10433"}],"version-history":[{"count":0,"href":"https:\/\/www.esteri.it\/it\/wp-json\/wp\/v2\/posts\/10433\/revisions"}],"wp:attachment":[{"href":"https:\/\/www.esteri.it\/it\/wp-json\/wp\/v2\/media?parent=10433"}],"wp:term":[{"taxonomy":"category","embeddable":true,"href":"https:\/\/www.esteri.it\/it\/wp-json\/wp\/v2\/categories?post=10433"},{"taxonomy":"post_tag","embeddable":true,"href":"https:\/\/www.esteri.it\/it\/wp-json\/wp\/v2\/tags?post=10433"}],"curies":[{"name":"wp","href":"https:\/\/api.w.org\/{rel}","templated":true}]}}