{"id":10536,"date":"2015-08-27T11:18:44","date_gmt":"2015-08-27T09:18:44","guid":{"rendered":"https:\/\/www.esteri.it\/sala_stampa\/archivionotizie\/comunicati\/2015\/08\/processo-di-berlino-gentiloni-al\/"},"modified":"2015-08-27T11:18:44","modified_gmt":"2015-08-27T09:18:44","slug":"processo-di-berlino-gentiloni-al","status":"publish","type":"post","link":"https:\/\/www.esteri.it\/it\/sala_stampa\/archivionotizie\/approfondimenti\/2015\/08\/processo-di-berlino-gentiloni-al\/","title":{"rendered":"&#8221;Processo di Berlino&#8221; &#8211;  Gentiloni al \u201cWestern Balkans Summit 2015\u201d"},"content":{"rendered":"<p>Il Ministro Paolo Gentiloni partecipa oggi a Vienna al \u201cWestern Balkans Summit\u201d. E&#8217; il secondo Vertice del \u201cProcesso di Berlino\u201d avviato con la \u201cWestern Balkans Conference\u201d dell&#8217;agosto 2014. Sono invitati i Capi di Governo, i Ministri degli Esteri ed i Ministri dello Sviluppo Economico dei 6 Paesi dei Balcani Occidentali (Albania, Bosnia-Erzegovina, Kosovo, Macedonia, Montenegro, Serbia), di Germania, Austria, Francia, Italia, Croazia e Slovenia, ed inoltre il Presidente della Commissione UE, l&#8217;Alto Rappresentante UE per gli Affari Esteri e il Commissario UE per l\u2019Allargamento.<\/p>\n<p><strong>Verso l&#8217;integrazione europea<\/strong><\/p>\n<p>L\u2019evento di Vienna \u00e8 inteso come &#8220;catalizzatore&#8221; per il rafforzamento della cooperazione regionale ed il superamento delle vecchie contrapposizioni regionali. Al centro del confronto la situazione economica nella regione e le riforme, anche con riferimento al crescente problema migratorio; le politiche per i giovani e la formazione; la connettivit\u00e0 della regione balcanica (la Commissione UE dovrebbe presentare un programma per lo sviluppo infrastrutturale e dell\u2019energia dell\u2019area, con un possibile sostegno finanziario da parte dell\u2019UE).<\/p>\n<p><strong>Le sfide dell&#8217;immigrazione<\/strong><\/p>\n<p>Centrale \u00e8 il confronto sulle sfide delle pressioni migratorie per i Paesi della regione e sulla \u201crotta balcanica\u201d. L&#8217;Italia ribadira&#8217; il suo impegno per una politica migratoria europea basata sui criteri di solidariet\u00e0 ed equit\u00e0 e la necessit\u00e0 di sostenere i Paesi dei Balcani nella gestione del fenomeno anche per evitare l\u2019adozione di politiche nazionali che possano pregiudicare la tutela dell\u2019asilo: ad una sfida comune serve una risposta comune. Tra i temi al centro della discussione dei Ministri anche il dialogo inter-religioso, la lotta al terrorismo e il contrasto alla radicalizzazione.<\/p>\n","protected":false},"excerpt":{"rendered":"Il Ministro Paolo Gentiloni partecipa oggi a Vienna al \u201cWestern Balkans Summit\u201d. E&#8217; il secondo Vertice del \u201cProcesso di Berlino\u201d avviato con la \u201cWestern Balkans Conference\u201d dell&#8217;agosto 2014. Sono invitati i Capi di Governo, i Ministri degli Esteri ed i Ministri dello Sviluppo Economico dei 6 Paesi dei Balcani Occidentali (Albania, Bosnia-Erzegovina, Kosovo, Macedonia, Montenegro, [&hellip;]","protected":false},"author":1,"featured_media":0,"comment_status":"","ping_status":"","sticky":false,"template":"","format":"standard","meta":{"footnotes":""},"categories":[2],"tags":[9,76,42],"class_list":["post-10536","post","type-post","status-publish","format-standard","hentry","category-approfondimenti","tag-europa","tag-ministri-precedenti","tag-unione-europea"],"_links":{"self":[{"href":"https:\/\/www.esteri.it\/it\/wp-json\/wp\/v2\/posts\/10536","targetHints":{"allow":["GET"]}}],"collection":[{"href":"https:\/\/www.esteri.it\/it\/wp-json\/wp\/v2\/posts"}],"about":[{"href":"https:\/\/www.esteri.it\/it\/wp-json\/wp\/v2\/types\/post"}],"author":[{"embeddable":true,"href":"https:\/\/www.esteri.it\/it\/wp-json\/wp\/v2\/users\/1"}],"replies":[{"embeddable":true,"href":"https:\/\/www.esteri.it\/it\/wp-json\/wp\/v2\/comments?post=10536"}],"version-history":[{"count":0,"href":"https:\/\/www.esteri.it\/it\/wp-json\/wp\/v2\/posts\/10536\/revisions"}],"wp:attachment":[{"href":"https:\/\/www.esteri.it\/it\/wp-json\/wp\/v2\/media?parent=10536"}],"wp:term":[{"taxonomy":"category","embeddable":true,"href":"https:\/\/www.esteri.it\/it\/wp-json\/wp\/v2\/categories?post=10536"},{"taxonomy":"post_tag","embeddable":true,"href":"https:\/\/www.esteri.it\/it\/wp-json\/wp\/v2\/tags?post=10536"}],"curies":[{"name":"wp","href":"https:\/\/api.w.org\/{rel}","templated":true}]}}