{"id":105717,"date":"2023-09-22T19:15:46","date_gmt":"2023-09-22T17:15:46","guid":{"rendered":"https:\/\/www.esteri.it\/?p=105717"},"modified":"2023-09-22T19:15:46","modified_gmt":"2023-09-22T17:15:46","slug":"iniziativa-i-act-italyirena-action-for-climate-toolkit-inspiring-young-leaders-dedicated-to-piero-angela-attivita-di-formazione-dei-giovani-italiani","status":"publish","type":"post","link":"https:\/\/www.esteri.it\/it\/sala_stampa\/archivionotizie\/approfondimenti\/2023\/09\/iniziativa-i-act-italyirena-action-for-climate-toolkit-inspiring-young-leaders-dedicated-to-piero-angela-attivita-di-formazione-dei-giovani-italiani\/","title":{"rendered":"Iniziativa \u201cI ACT. Italy&#038;IRENA Action for Climate Toolkit. Inspiring young leaders, dedicated to Piero Angela\u201d. Attivit\u00e0 di formazione dei giovani italiani."},"content":{"rendered":"<p>I-ACT (Italy&amp;IRENA Action for Climate Toolkit) \u00e8 un programma di formazione che mira a rafforzare le conoscenze e la capacit\u00e0 formativa dei giovani attivisti internazionali in materia di transizione energetica, cambiamento climatico e sviluppo sostenibile. Il progetto \u00e8 stato commissionato dalla Farnesina all\u2019Agenzia Internazionale per le Energie Rinnovabili (IRENA), che ha realizzato uno specifico strumento (\u201ctoolkit\u201d) per la formazione &#8220;peer-to-peer&#8221; di giovani attivisti internazionali. L&#8217;iniziativa, lanciata alla Farnesina lo scorso 19 dicembre (<a href=\"https:\/\/www.esteri.it\/it\/sala_stampa\/archivionotizie\/approfondimenti\/2022\/12\/global-days-i-act-italyirena-action-for-climate-toolkit\/\">Global Days: \u201cI ACT\u201d \u2013 Italy&amp;Irena Action for Climate Toolkit \u2013 Ministero degli Affari Esteri e della Cooperazione Internazionale<\/a>) \u00e8 stata dedicata alla memoria di Piero Angela che, nel portare la scienza nelle case degli italiani, ha anche anticipato i tempi, attirando la nostra attenzione, pi\u00f9 di quarant\u2019anni fa, sui temi e i problemi che sono all\u2019attualit\u00e0 di oggi e che rappresentano le sfide cruciali per il futuro dell\u2019umanit\u00e0.<\/p>\n<p>La prima fase del progetto ha visto IRENA formare, grazie al \u201ctoolkit\u201d, un gruppo altamente selezionato di giovani leader climatici provenienti da quasi 80 diversi Paesi. Nella seconda fase i giovani preparati da IRENA hanno a loro volta provveduto a formare una pi\u00f9 ampia platea di attivisti nei rispettivi Paesi di provenienza, grazie a specifici eventi organizzati dalla Rete diplomatico-consolare italiana. La formazione ha riguardato anche giovani attivisti italiani, che hanno partecipato alla giornata formativa organizzata presso l\u2019UNDP \u201cCentre for Climate Action and Energy\u201d di Roma, con la partecipazione dei due connazionali selezionati e preparati da IRENA.<\/p>\n<p>Il progetto, che nella sua attivit\u00e0 di diffusione ha gi\u00e0 raggiunto oltre 2000 ragazzi, sottolinea l\u2019impegno dell\u2019Italia a favore dei giovani e del loro contributo al contrasto al cambiamento climatico. Impegno gi\u00e0 sancito dall\u2019iniziativa \u201cYouth4Climate\u201d, lanciata a Milano in occasione delle Pre-COP26 per dare voce ai giovani nel contesto del negoziato sul clima. Tale impegno \u00e8 poi proseguito sia con la riedizione annuale dell\u2019iniziativa, sia con l\u2019istituzione di un segretariato permanente di \u201cYouth4Climate\u201d presso il \u201cCentre for Climate Action and Energy\u201d UNDP di Roma, che ha ospitato l\u2019attivit\u00e0 di formazione dei giovani trainer italiani che hanno partecipato all\u2019iniziativa I-ACT.<\/p>\n","protected":false},"excerpt":{"rendered":"I-ACT (Italy&amp;IRENA Action for Climate Toolkit) \u00e8 un programma di formazione che mira a rafforzare le conoscenze e la capacit\u00e0 formativa dei giovani attivisti internazionali in materia di transizione energetica, cambiamento climatico e sviluppo sostenibile. Il progetto \u00e8 stato commissionato dalla Farnesina all\u2019Agenzia Internazionale per le Energie Rinnovabili (IRENA), che ha realizzato uno specifico strumento [&hellip;]","protected":false},"author":5,"featured_media":0,"comment_status":"closed","ping_status":"closed","sticky":false,"template":"","format":"standard","meta":{"footnotes":""},"categories":[2],"tags":[44],"class_list":["post-105717","post","type-post","status-publish","format-standard","hentry","category-approfondimenti","tag-energia-ambiente"],"_links":{"self":[{"href":"https:\/\/www.esteri.it\/it\/wp-json\/wp\/v2\/posts\/105717","targetHints":{"allow":["GET"]}}],"collection":[{"href":"https:\/\/www.esteri.it\/it\/wp-json\/wp\/v2\/posts"}],"about":[{"href":"https:\/\/www.esteri.it\/it\/wp-json\/wp\/v2\/types\/post"}],"author":[{"embeddable":true,"href":"https:\/\/www.esteri.it\/it\/wp-json\/wp\/v2\/users\/5"}],"replies":[{"embeddable":true,"href":"https:\/\/www.esteri.it\/it\/wp-json\/wp\/v2\/comments?post=105717"}],"version-history":[{"count":1,"href":"https:\/\/www.esteri.it\/it\/wp-json\/wp\/v2\/posts\/105717\/revisions"}],"predecessor-version":[{"id":105718,"href":"https:\/\/www.esteri.it\/it\/wp-json\/wp\/v2\/posts\/105717\/revisions\/105718"}],"wp:attachment":[{"href":"https:\/\/www.esteri.it\/it\/wp-json\/wp\/v2\/media?parent=105717"}],"wp:term":[{"taxonomy":"category","embeddable":true,"href":"https:\/\/www.esteri.it\/it\/wp-json\/wp\/v2\/categories?post=105717"},{"taxonomy":"post_tag","embeddable":true,"href":"https:\/\/www.esteri.it\/it\/wp-json\/wp\/v2\/tags?post=105717"}],"curies":[{"name":"wp","href":"https:\/\/api.w.org\/{rel}","templated":true}]}}