{"id":1070,"date":"2021-04-01T21:14:36","date_gmt":"2021-04-01T19:14:36","guid":{"rendered":"https:\/\/www.esteri.it\/sala_stampa\/archivionotizie\/comunicati\/2021\/04\/il-ministro-di-maio-alla-ministeriale-ocse-mena\/"},"modified":"2021-04-01T21:14:36","modified_gmt":"2021-04-01T19:14:36","slug":"il-ministro-di-maio-alla-ministeriale-ocse-mena","status":"publish","type":"post","link":"https:\/\/www.esteri.it\/it\/sala_stampa\/archivionotizie\/comunicati\/2021\/04\/il-ministro-di-maio-alla-ministeriale-ocse-mena\/","title":{"rendered":"Il Ministro Di Maio alla Ministeriale OCSE-MENA"},"content":{"rendered":"<p>La cooperazione nel Mediterraneo allargato (MENA) per favorire la ripresa economica post-COVID \u00e8 stato il tema centrale della videoconferenza Ministeriale OCSE-MENA che il Ministro degli Affari Esteri e della Cooperazione Internazionale, Luigi Di Maio, ha aperto oggi in qualit\u00e0 di relatore principale.\u00a0\u00a0<\/p>\n<p>Il titolare della Farnesina ha sottolineato l\u2019importanza che l\u2019Italia attribuisce al rafforzamento della buona amministrazione, dello stato di diritto e della competitivit\u00e0 dei Paesi dell\u2019area, la cui coesione \u00e8 fondamentale per assicurare stabilit\u00e0 e prosperit\u00e0 nella regione. Il Programma OCSE-MENA, come gran parte delle iniziative di partenariato dell\u2019Organizzazione per la Cooperazione e lo Sviluppo Economico, \u00e8 nato \u2013 ha ricordato Di Maio \u2013 proprio per dare concretezza a tale prospettiva, facilitando lo scambio di esperienze, la condivisione di buone prassi e la convergenza verso i pi\u00f9 elevati standard amministrativi ed economici. L\u2019Italia ne ha assicurato sin da principio un convinto sostegno, che proseguir\u00e0 anche nei prossimi cinque anni, mantenendo la Presidenza, insieme alla Tunisia, della componente \u201c<i>Governance<\/i>\u201d e valorizzando l\u2019attivit\u00e0 di\u00a0<i>capacity-building<\/i>\u00a0svolta dal Centro di formazione OCSE-MENA di Caserta.\u00a0<\/p>\n<p>Il Ministro ha poi richiamato gli obiettivi della Presidenza italiana del G20 e della CoP 26 in materia di tutela ambientale e di crescita sostenibile, ribadendone l\u2019importanza e la centralit\u00e0 per la definizione di un\u2019agenda positiva per il Mediterraneo, che, sorretta da dialogo e cooperazione, possa agevolare una rapido superamento della crisi causata dalla pandemia. L\u2019Italia \u2013 ha proseguito Di Maio, annunciando la settima edizione dei Rome MED Dialogues del prossimo dicembre \u2013 manterr\u00e0 il suo impegno in questa direzione e metter\u00e0 a disposizione nuove idee, capacit\u00e0 e risorse.\u00a0<\/p>\n<p>Concorde \u00e8 stato il giudizio di tutti i partecipanti alla Ministeriale sull\u2019importanza delle riforme e dell\u2019ammodernamento del settore pubblico come pre-condizioni per una crescita sostenibile e inclusiva, confermando, in sintonia con la posizione italiana, unanime apprezzamento per il Programma OCSE-MENA e pieno sostegno politico al suo rinnovo.<\/p>\n","protected":false},"excerpt":{"rendered":"La cooperazione nel Mediterraneo allargato (MENA) per favorire la ripresa economica post-COVID \u00e8 stato il tema centrale della videoconferenza Ministeriale OCSE-MENA che il Ministro degli Affari Esteri e della Cooperazione Internazionale, Luigi Di Maio, ha aperto oggi in qualit\u00e0 di relatore principale.\u00a0\u00a0 Il titolare della Farnesina ha sottolineato l\u2019importanza che l\u2019Italia attribuisce al rafforzamento della [&hellip;]","protected":false},"author":1,"featured_media":0,"comment_status":"","ping_status":"","sticky":false,"template":"","format":"standard","meta":{"footnotes":""},"categories":[1],"tags":[37,416,6,76],"class_list":["post-1070","post","type-post","status-publish","format-standard","hentry","category-comunicati","tag-covid-19","tag-g20","tag-mediterraneo-e-medio-oriente","tag-ministri-precedenti"],"_links":{"self":[{"href":"https:\/\/www.esteri.it\/it\/wp-json\/wp\/v2\/posts\/1070","targetHints":{"allow":["GET"]}}],"collection":[{"href":"https:\/\/www.esteri.it\/it\/wp-json\/wp\/v2\/posts"}],"about":[{"href":"https:\/\/www.esteri.it\/it\/wp-json\/wp\/v2\/types\/post"}],"author":[{"embeddable":true,"href":"https:\/\/www.esteri.it\/it\/wp-json\/wp\/v2\/users\/1"}],"replies":[{"embeddable":true,"href":"https:\/\/www.esteri.it\/it\/wp-json\/wp\/v2\/comments?post=1070"}],"version-history":[{"count":0,"href":"https:\/\/www.esteri.it\/it\/wp-json\/wp\/v2\/posts\/1070\/revisions"}],"wp:attachment":[{"href":"https:\/\/www.esteri.it\/it\/wp-json\/wp\/v2\/media?parent=1070"}],"wp:term":[{"taxonomy":"category","embeddable":true,"href":"https:\/\/www.esteri.it\/it\/wp-json\/wp\/v2\/categories?post=1070"},{"taxonomy":"post_tag","embeddable":true,"href":"https:\/\/www.esteri.it\/it\/wp-json\/wp\/v2\/tags?post=1070"}],"curies":[{"name":"wp","href":"https:\/\/api.w.org\/{rel}","templated":true}]}}