{"id":107334,"date":"2023-10-30T16:38:47","date_gmt":"2023-10-30T15:38:47","guid":{"rendered":"https:\/\/www.esteri.it\/?p=107334"},"modified":"2023-10-30T16:38:47","modified_gmt":"2023-10-30T15:38:47","slug":"il-vice-presidente-del-consiglio-antonio-tajani-e-il-ministro-della-cultura-gennaro-sangiuliano-lanciano-il-laboratorio-per-la-ricostruzione-dellucraina","status":"publish","type":"post","link":"https:\/\/www.esteri.it\/it\/sala_stampa\/archivionotizie\/comunicati\/2023\/10\/il-vice-presidente-del-consiglio-antonio-tajani-e-il-ministro-della-cultura-gennaro-sangiuliano-lanciano-il-laboratorio-per-la-ricostruzione-dellucraina\/","title":{"rendered":"Il Vice Presidente del Consiglio Antonio Tajani e il Ministro della Cultura Gennaro Sangiuliano lanciano il Laboratorio per la ricostruzione dell\u2019Ucraina"},"content":{"rendered":"<p>Marted\u00ec 31 ottobre nasce il \u201cLaboratorio per la ricostruzione dell\u2019Ucraina\u201d, promosso da Triennale Milano e MAXXI, in collaborazione con il Ministero degli Affari Esteri e della Cooperazione Internazionale e il Ministero della Cultura.<\/p>\n<p>L\u2019evento sar\u00e0 aperto dal Vice Presidente del Consiglio e Ministro degli Affari Esteri e della Cooperazione Internazionale Antonio Tajani, dal Ministro della Cultura Gennaro Sangiuliano, dal Presidente di Triennale Milano Stefano Boeri e dal Presidente della Fondazione MAXXI Alessandro Giuli.<\/p>\n<p>Per parte ucraina, interverranno il Ministro degli Esteri Dmytro Kuleba e il Ministro della Cultura e della Politica dell\u2019Informazione Rostyslav Karandieiev in videocollegamento.<\/p>\n<p><em>\u201cL\u2019Italia \u00e8 fortemente impegnata, con le sue istituzioni e il suo sistema produttivo, nel sostegno alla ricostruzione dell\u2019Ucraina. Abbiamo una straordinaria capacit\u00e0 nella protezione e salvaguardia del patrimonio culturale e urbanistico mondiale\u201d ha dichiarato Tajani, aggiungendo che \u201cIl progetto del Laboratorio nasce dalla volont\u00e0 di coinvolgere creativi e progettisti, istituzioni culturali internazionali, aziende e soggetti economici italiani per una rigenerazione urbanistica e architettonica delle citt\u00e0 ucraine, a partire da Odessa di cui abbiamo assunto il patronato, in una logica di trasformazione verde, digitale e sostenibile\u201d.<\/em><\/p>\n<p>Il Laboratorio sulla ricostruzione dell\u2019Ucraina si svolger\u00e0 in tre tappe: a Milano il 31 ottobre, a Roma e a Kiev.<\/p>\n<p>Questo primo evento in Triennale vede coinvolti rappresentanti della politica italiana e Ucraina e delle Istituzioni Finanziarie Internazionali, oltre a progettisti, studi di architettura e istituzioni, alcune delle quali gi\u00e0 coinvolte nella ricostruzione del Paese. Un particolare focus sar\u00e0 dedicato alla citt\u00e0 di Odessa e alla ricostruzione della Cattedrale della Trasfigurazione, degli altri beni di rilievo storico della citt\u00e0 e della sua rigenerazione generale in un\u2019ottica di sostenibilit\u00e0 e innovazione.<\/p>\n<p>La seconda sessione del laboratorio sar\u00e0 organizzata al MAXXI di Roma e porter\u00e0 avanti il confronto tra tutti i soggetti interessati a contribuire alla ricostruzione.<\/p>\n<p>Infine, questo primo ciclo di attivit\u00e0 del Laboratorio si concluder\u00e0 con un convegno a Kiev, dove verranno poste le basi per una fase di collaborazione pi\u00f9 avanzata e sar\u00e0 verificata l\u2019efficacia delle ipotesi di pianificazione e cooperazione sviluppate.<\/p>\n<p>&nbsp;<\/p>\n","protected":false},"excerpt":{"rendered":"Marted\u00ec 31 ottobre nasce il \u201cLaboratorio per la ricostruzione dell\u2019Ucraina\u201d, promosso da Triennale Milano e MAXXI, in collaborazione con il Ministero degli Affari Esteri e della Cooperazione Internazionale e il Ministero della Cultura. L\u2019evento sar\u00e0 aperto dal Vice Presidente del Consiglio e Ministro degli Affari Esteri e della Cooperazione Internazionale Antonio Tajani, dal Ministro della [&hellip;]","protected":false},"author":1,"featured_media":0,"comment_status":"closed","ping_status":"closed","sticky":false,"template":"","format":"standard","meta":{"footnotes":""},"categories":[1],"tags":[32,9,28],"class_list":["post-107334","post","type-post","status-publish","format-standard","hentry","category-comunicati","tag-diplomazia-culturale","tag-europa","tag-ministro"],"_links":{"self":[{"href":"https:\/\/www.esteri.it\/it\/wp-json\/wp\/v2\/posts\/107334","targetHints":{"allow":["GET"]}}],"collection":[{"href":"https:\/\/www.esteri.it\/it\/wp-json\/wp\/v2\/posts"}],"about":[{"href":"https:\/\/www.esteri.it\/it\/wp-json\/wp\/v2\/types\/post"}],"author":[{"embeddable":true,"href":"https:\/\/www.esteri.it\/it\/wp-json\/wp\/v2\/users\/1"}],"replies":[{"embeddable":true,"href":"https:\/\/www.esteri.it\/it\/wp-json\/wp\/v2\/comments?post=107334"}],"version-history":[{"count":1,"href":"https:\/\/www.esteri.it\/it\/wp-json\/wp\/v2\/posts\/107334\/revisions"}],"predecessor-version":[{"id":107335,"href":"https:\/\/www.esteri.it\/it\/wp-json\/wp\/v2\/posts\/107334\/revisions\/107335"}],"wp:attachment":[{"href":"https:\/\/www.esteri.it\/it\/wp-json\/wp\/v2\/media?parent=107334"}],"wp:term":[{"taxonomy":"category","embeddable":true,"href":"https:\/\/www.esteri.it\/it\/wp-json\/wp\/v2\/categories?post=107334"},{"taxonomy":"post_tag","embeddable":true,"href":"https:\/\/www.esteri.it\/it\/wp-json\/wp\/v2\/tags?post=107334"}],"curies":[{"name":"wp","href":"https:\/\/api.w.org\/{rel}","templated":true}]}}