{"id":107367,"date":"2023-10-31T09:12:17","date_gmt":"2023-10-31T08:12:17","guid":{"rendered":"https:\/\/www.esteri.it\/?p=107367"},"modified":"2023-10-31T10:13:48","modified_gmt":"2023-10-31T09:13:48","slug":"tajan-i-coloni-non-aizzino-la-violenza-sulla-manovra-meloni-ci-ha-ascoltato","status":"publish","type":"post","link":"https:\/\/www.esteri.it\/it\/sala_stampa\/archivionotizie\/interviste\/2023\/10\/tajan-i-coloni-non-aizzino-la-violenza-sulla-manovra-meloni-ci-ha-ascoltato\/","title":{"rendered":"Tajani: &#8220;I coloni non aizzino la violenza. Sulla manovra Meloni ci ha ascoltato&#8221;"},"content":{"rendered":"<p>\u00abNoi abbiamo sempre detto che Hamas \u00e8 un&#8217;organizzazione terroristica. Siamo con Israele, ma da entrambe le parti la prima preoccupazione deve essere per i civili. La reazione di Israele deve essere proporzionata. \u00c8 un monito anche ai coloni. N\u00e9 loro, n\u00e9 i gruppi palestinesi devono incentivare la violenza sulla popolazione civile\u00bb. Il\u00a0ministro degli Esteri,\u00a0Antonio\u00a0Tajani, \u00e8 reduce dagli ultimi aggiustamenti sulla manovra, che assicura \u00abnon avr\u00e0 emendamenti\u00bb. Sveste il cappello di leader di Forza Italia e vicepremier \u00absoddisfatto per l&#8217;introduzione del &#8220;codice identificativo&#8221; per chi affitta casa o ne fa Bnb, una misura anti-evasori\u00bb, dice, e rimette quello di\u00a0ministro degli Esteri, per seguire gli sviluppi della guerra in Medio Oriente. Oggi sar\u00e0 a Torino con l&#8217;omologa francese Colonna, alla prima riunione del Comitato di cooperazione frontaliera italo-francese. Da Tel Aviv arrivano notizie chiare: \u00abNo al cessate il fuoco\u00bb, ha annunciato Netanyahu. La diplomazia va avanti, per liberare gli ostaggi. Ma le condizioni della popolazione di Gaza, intanto, sono oltre il drammatico, disumane.<\/p>\n<p><strong>Ministro, ieri \u00e8 atterrato in Egitto il primo volo con gli aiuti umanitari italiani. Sapete quando riuscir\u00e0 a entrare a Gaza?<\/strong><\/p>\n<p>\u00abSiamo stati tra i primi a inviare aiuti, beni di prima necessit\u00e0, partiti da Brindisi e arrivati all&#8217;aeroporto egiziano di Al-Arish. Il nostro ambasciatore li ha consegnati alla Mezzaluna Rossa Egiziana. Ci sono 150 tende, 100 coperte, 60 bagni chimici, 2 contenitori di acqua da 10 mila litri, per un valore di 60 mila euro. Domani (oggi per chi legge, ndr), partir\u00e0 un altro volo dell&#8217;Aeronautica. Vediamo quando li faranno passare da Rafah, i camion stanno entrando, sono fiducioso\u00bb.<\/p>\n<p><strong>Chi non passa dal varco Gaza-Egitto, invece, sono i civili, internazionali e palestinesi. Tra loro,14 italiani e 5 familiari. Come pensate di farli uscire?<\/strong><\/p>\n<p>\u00abIl nostro Consolato a Gerusalemme mantiene i contatti, anche se iniziano ad esserci problemi di comunicazione. Prima stavano nelle aree Onu, ora c&#8217;\u00e8 tensione. Stiamo lavorando per facilitare la fuoriuscita. Ho sentito poco fa il ministro giordano Al Safadi. Amman \u00e8 una delle voci di un mondo arabo moderato che sta aiutando la de-escalation\u00bb.<\/p>\n<p><strong>L&#8217;Italia si \u00e8 astenuta sulla risoluzione Onu che spingeva per il cessate il fuoco. Ora, chiedete una pausa per fare entrare gli aiuti. Avete cambiato idea? <\/strong><\/p>\n<p>\u00abGli aiuti entrano comunque. Quel che \u00e8 necessario \u00e8 che entrino in maniera pi\u00f9 consistente, che arrivino nelle zone pi\u00f9 lontane dal Sud. Dobbiamo avere modo di assicurarci che non finiscano nelle mani di Hamas. Continuiamo a dirlo tutti quanti, Biden in primis, privatamente e pubblicamente, che ci vuole una tregua per gli aiuti\u00bb.<\/p>\n<p><strong>Israele ha passato la linea rossa sui diritti dei civili gazawi?<\/strong><\/p>\n<p>\u00abBisogna evitare una escalation, non favorire la violenza da entrambe le parti. Questo vale per i coloni in Cisgiordania e per i palestinesi. Anche i coloni devono essere prudenti. Noi siamo amici di Israele, ma bisogna comprendere quali sono le condizioni. \u00c8 una situazione al calor bianco, \u00e8 il momento pi\u00f9 difficile per la diplomazia. Quel che possiamo fare \u00e8 mandare messaggi di pace, chiedere la liberazione dei civili, mandare aiuti, chiedere che la popolazione civile palestinese venga tenuta fuori dalla reazione di Israele\u00bb.<\/p>\n<p><strong>Teme un allargamento del conflitto, dalla Cisgiordania al Libano, o peggio?<\/strong><\/p>\n<p>\u00abNon credo che Hezbollah far\u00e0 un&#8217;invasione di Israele. Non definirei quelle di questi giorni semplici scaramucce, ma in questo momento non vediamo uno scontro generalizzato nel Sud del Libano. L&#8217;obiettivo a cui bisogna lavorare sono i due popoli, due Stati\u00bb.<\/p>\n<p><strong>Sembrano un orizzonte mai cos\u00ec lontano.<\/strong><\/p>\n<p>\u00abLa Palestina ha diritto ad un suo Stato, l&#8217;unico modo per tagliare l&#8217;erba sotto i piedi di Hamas \u00e8 dare una prospettiva a questa aspirazione. Questa \u00e8 la soluzione. Che riconosca, ovviamente, lo Stato di Israele, che non pu\u00f2 essere considerato uno scherzo sulla carta geografica, come pensano alcuni fondamentalisti\u00bb.<\/p>\n<p><strong>Erdogan non solo difende i militanti di Hamas, chiamandoli &#8220;liberatori e non terroristi&#8221;. Ma definisce Israele un &#8220;criminale di guerra&#8221; e &#8220;l&#8217;Occidente responsabile del massacro in corso a Gaza&#8221;. Il suo comportamento rischia di aprire una crisi con un Paese membro della Nato? <\/strong><\/p>\n<p>\u00abNoi siamo sempre stati chiari su quel che pensiamo di Hamas, cio\u00e8 che \u00e8 un&#8217;organizzazione terroristica. Non tocca a noi accendere altre micce\u00bb.<\/p>\n<p><strong>Due conflitti vicini all&#8217;Occidente, che lo coinvolgono a vario titolo: l&#8217;Ucraina e ora Israele. Teme una saldatura tra Russia, Iran, Hamas?<\/strong><\/p>\n<p>\u00abLa preoccupazione c&#8217;\u00e8: la Russia cerca di trarre vantaggio da ci\u00f2 che sta accadendo in Medio Oriente. Dobbiamo disinnescare le micce che possono mettere a repentaglio la pace. Stiamo con l&#8217;Ucraina, ma non siamo in guerra con la Russia. L&#8217;Iran comprenda che non \u00e8 utile fornire armi ad Hamas. Ci sono Paesi islamici moderati, dalla Giordania all&#8217;Egitto, la stessa Tunisia, che stanno lavorando ad abbassare la tensione. Non vuol dire che non siano favorevoli ai palestinesi\u00bb.<\/p>\n<p><strong>L&#8217;allarme antisemitismo si sta alzando anche in Italia? <\/strong><\/p>\n<p>\u00abMeno che altrove, per fortuna. Certo dobbiamo condannare con ogni sforzo e prevenire scene come nell&#8217;aeroporto del Daghestan, con la caccia all&#8217;ebreo. Allo stesso modo l&#8217;islamofobia\u00bb.<\/p>\n<p><strong>E l&#8217;allarme terrorismo?<\/strong><\/p>\n<p>\u00abNon dobbiamo avere paura o cambiare i nostri stili di vita, perch\u00e9 si fa il gioco dei terroristi. Siamo molto attenti ai possibili radicalizzati, nelle carceri e fuori\u00bb.<\/p>\n<p><strong>Avevate annunciato l&#8217;ottavo pacchetto di aiuti all&#8217;Ucraina. Sono confermati?<\/strong><\/p>\n<p>\u00abA livello politico, s\u00ec. Dei contenuti militari si occupa la Difesa\u00bb.<\/p>\n<p><strong>Qualche passaggio sulla manovra: il vostro governo passer\u00e0 alla storia per avere abbassato le pensioni a due categorie di dipendenti pubblici, dagli infermieri ai dipendenti comunali, circa 700 mila persone. Come glielo spiegherete?<\/strong><\/p>\n<p>\u00abBisogner\u00e0 vedere cosa si pu\u00f2 fare. Tanti stipendi si sono alzati, altri si sono abbassati. Non si \u00e8 riusciti a fare di pi\u00f9\u00bb.<\/p>\n<p><strong>E l&#8217;aliquota al 26% dalla seconda casa in affitto?<\/strong><\/p>\n<p>\u00abCon Meloni abbiamo trovato un accordo, l&#8217;affitto di una prima casa \u00e8 un arrotondamento del reddito, dalla seconda in poi si passa a una sorta di attivit\u00e0 immobiliare. Su questo tipo di attivit\u00e0 crediamo si possa intervenire. Rappresentano il 25% degli affitti. Per il 75% l&#8217;aliquota \u00e8 a 121%\u00bb.<\/p>\n<p><strong>Sul presidenzialismo andrete avanti, anche contro le opposizioni?<\/strong><\/p>\n<p>\u00abLe abbiamo ascoltate, si pu\u00f2 discutere, basta non mettere veti. Noi andremo avanti comunque, anche se le opposizioni non sono contente. In una democrazia parlamentare si vota e vince la maggioranza\u00bb.<\/p>\n","protected":false},"excerpt":{"rendered":"\u00abNoi abbiamo sempre detto che Hamas \u00e8 un&#8217;organizzazione terroristica. Siamo con Israele, ma da entrambe le parti la prima preoccupazione deve essere per i civili. La reazione di Israele deve essere proporzionata. \u00c8 un monito anche ai coloni. N\u00e9 loro, n\u00e9 i gruppi palestinesi devono incentivare la violenza sulla popolazione civile\u00bb. Il\u00a0ministro degli Esteri,\u00a0Antonio\u00a0Tajani, \u00e8 [&hellip;]","protected":false},"author":1,"featured_media":107369,"comment_status":"closed","ping_status":"closed","sticky":false,"template":"","format":"standard","meta":{"footnotes":""},"categories":[23],"tags":[6,28],"class_list":["post-107367","post","type-post","status-publish","format-standard","has-post-thumbnail","hentry","category-interviste","tag-mediterraneo-e-medio-oriente","tag-ministro"],"_links":{"self":[{"href":"https:\/\/www.esteri.it\/it\/wp-json\/wp\/v2\/posts\/107367","targetHints":{"allow":["GET"]}}],"collection":[{"href":"https:\/\/www.esteri.it\/it\/wp-json\/wp\/v2\/posts"}],"about":[{"href":"https:\/\/www.esteri.it\/it\/wp-json\/wp\/v2\/types\/post"}],"author":[{"embeddable":true,"href":"https:\/\/www.esteri.it\/it\/wp-json\/wp\/v2\/users\/1"}],"replies":[{"embeddable":true,"href":"https:\/\/www.esteri.it\/it\/wp-json\/wp\/v2\/comments?post=107367"}],"version-history":[{"count":2,"href":"https:\/\/www.esteri.it\/it\/wp-json\/wp\/v2\/posts\/107367\/revisions"}],"predecessor-version":[{"id":107381,"href":"https:\/\/www.esteri.it\/it\/wp-json\/wp\/v2\/posts\/107367\/revisions\/107381"}],"wp:featuredmedia":[{"embeddable":true,"href":"https:\/\/www.esteri.it\/it\/wp-json\/wp\/v2\/media\/107369"}],"wp:attachment":[{"href":"https:\/\/www.esteri.it\/it\/wp-json\/wp\/v2\/media?parent=107367"}],"wp:term":[{"taxonomy":"category","embeddable":true,"href":"https:\/\/www.esteri.it\/it\/wp-json\/wp\/v2\/categories?post=107367"},{"taxonomy":"post_tag","embeddable":true,"href":"https:\/\/www.esteri.it\/it\/wp-json\/wp\/v2\/tags?post=107367"}],"curies":[{"name":"wp","href":"https:\/\/api.w.org\/{rel}","templated":true}]}}