{"id":1087,"date":"2021-03-26T20:12:45","date_gmt":"2021-03-26T19:12:45","guid":{"rendered":"https:\/\/www.esteri.it\/sala_stampa\/archivionotizie\/comunicati\/2021\/03\/incontro-del-ministro-di-maio-con-il-ministro-degli-affari-esteri-della-tunisia-othman-jerandi\/"},"modified":"2021-03-26T20:12:45","modified_gmt":"2021-03-26T19:12:45","slug":"incontro-del-ministro-di-maio-con-il-ministro-degli-affari-esteri-della-tunisia-othman-jerandi","status":"publish","type":"post","link":"https:\/\/www.esteri.it\/it\/sala_stampa\/archivionotizie\/comunicati\/2021\/03\/incontro-del-ministro-di-maio-con-il-ministro-degli-affari-esteri-della-tunisia-othman-jerandi\/","title":{"rendered":"Incontro del Ministro Di Maio con il Ministro degli Affari Esteri della Tunisia, Othman Jerandi"},"content":{"rendered":"<p>Il Ministro degli Affari Esteri e della Cooperazione Internazionale, Luigi di Maio, ha ricevuto oggi alla Farnesina il Ministro degli Affari Esteri della Tunisia, Othman Jerandi.<\/p>\n<p>Il Ministro Di Maio ha confermato l\u2019intenzione di lavorare a favore di un ulteriore consolidamento dei legami politici ed economici con Tunisi, partner strategico dell\u2019Italia nella regione.<\/p>\n<p>Nel sottolineare che la stabilit\u00e0 della Tunisia \u00e8 essenziale per gli equilibri dell\u2019intera area euro-mediterranea, il Ministro Di Maio ha assicurato il pieno appoggio dell\u2019Italia al percorso di riforme che le Autorit\u00e0 tunisine intraprenderanno e che, con il sostegno della Comunit\u00e0 internazionale, potr\u00e0 assicurare una prospettiva di stabilit\u00e0 e prosperit\u00e0 al Paese.<\/p>\n<p>A conferma della particolare attenzione che l\u2019Italia rivolge al Paese nordafricano, il Ministro Di Maio ha invitato il Ministro Jerandi a partecipare alla riunione dei Ministri degli Esteri del G20 che si terr\u00e0 a Matera il 29 giugno prossimo.<\/p>\n<p>Il Ministro Di Maio ha altres\u00ec valorizzato l\u2019impegno che l\u2019Italia profonde in sede europea nel quadro del nuovo approccio dell\u2019UE verso il Vicinato Sud, ricordando in particolare l\u2019importanza del Piano per l\u2019economia e gli investimenti.<\/p>\n<p>Il titolare della Farnesina ha ribadito l\u2019importanza della cooperazione bilaterale in materia di gestione dei flussi migratori, esprimendo apprezzamento per gli sforzi delle Autorit\u00e0 tunisine nel contrasto all\u2019immigrazione irregolare e per gli sviluppi positivi in materia di riammissioni, su cui e\u2019 essenziale che Italia e Tunisia continuino a lavorare in un\u2019ottica di flessibilit\u00e0 e rapidit\u00e0.<\/p>\n<p>I Ministri hanno inoltre passato in rassegna alcuni dei principali temi di interesse regionale, a partire dalla Libia e dal processo di pace israelo-palestinese.<\/p>\n","protected":false},"excerpt":{"rendered":"Il Ministro degli Affari Esteri e della Cooperazione Internazionale, Luigi di Maio, ha ricevuto oggi alla Farnesina il Ministro degli Affari Esteri della Tunisia, Othman Jerandi. Il Ministro Di Maio ha confermato l\u2019intenzione di lavorare a favore di un ulteriore consolidamento dei legami politici ed economici con Tunisi, partner strategico dell\u2019Italia nella regione. Nel sottolineare [&hellip;]","protected":false},"author":1,"featured_media":0,"comment_status":"","ping_status":"","sticky":false,"template":"","format":"standard","meta":{"footnotes":""},"categories":[1],"tags":[6,76],"class_list":["post-1087","post","type-post","status-publish","format-standard","hentry","category-comunicati","tag-mediterraneo-e-medio-oriente","tag-ministri-precedenti"],"_links":{"self":[{"href":"https:\/\/www.esteri.it\/it\/wp-json\/wp\/v2\/posts\/1087","targetHints":{"allow":["GET"]}}],"collection":[{"href":"https:\/\/www.esteri.it\/it\/wp-json\/wp\/v2\/posts"}],"about":[{"href":"https:\/\/www.esteri.it\/it\/wp-json\/wp\/v2\/types\/post"}],"author":[{"embeddable":true,"href":"https:\/\/www.esteri.it\/it\/wp-json\/wp\/v2\/users\/1"}],"replies":[{"embeddable":true,"href":"https:\/\/www.esteri.it\/it\/wp-json\/wp\/v2\/comments?post=1087"}],"version-history":[{"count":0,"href":"https:\/\/www.esteri.it\/it\/wp-json\/wp\/v2\/posts\/1087\/revisions"}],"wp:attachment":[{"href":"https:\/\/www.esteri.it\/it\/wp-json\/wp\/v2\/media?parent=1087"}],"wp:term":[{"taxonomy":"category","embeddable":true,"href":"https:\/\/www.esteri.it\/it\/wp-json\/wp\/v2\/categories?post=1087"},{"taxonomy":"post_tag","embeddable":true,"href":"https:\/\/www.esteri.it\/it\/wp-json\/wp\/v2\/tags?post=1087"}],"curies":[{"name":"wp","href":"https:\/\/api.w.org\/{rel}","templated":true}]}}