{"id":109146,"date":"2023-12-11T09:47:37","date_gmt":"2023-12-11T08:47:37","guid":{"rendered":"https:\/\/www.esteri.it\/?p=109146"},"modified":"2023-12-11T12:01:42","modified_gmt":"2023-12-11T11:01:42","slug":"antonio-tajani-alle-regioni-candiamo-i-governatori-uscenti-e-niente-terzo-mandato-il-messaggero","status":"publish","type":"post","link":"https:\/\/www.esteri.it\/it\/sala_stampa\/archivionotizie\/interviste\/2023\/12\/antonio-tajani-alle-regioni-candiamo-i-governatori-uscenti-e-niente-terzo-mandato-il-messaggero\/","title":{"rendered":"Antonio Tajani: \u201cAlle Regioni candidiamo i governatori uscenti. E niente terzo mandato\u201d (Il Messaggero)"},"content":{"rendered":"<p>\u00abPer le Regionali seguiremo la prassi e confermeremo i candidati uscenti\u00bb. Sulle fibrillazioni che stanno agitando il centrodestra in vista del voto in Sardegna, Basilicata, Abruzzo, Umbria e Piemonte Antonio Tajani sembra avere le idee chiare. Per il vicepremier, ministro degli Esteri e leader di Forza Italia, non c&#8217;\u00e8 bisogno di &#8220;riequilibrare&#8221; i rapporti di forza con FdI. \u00abNon \u00e8 una questione di lottizzazione\u00bb spiega, prima di stoppare anche quei governatori &#8211; in primis i leghisti Zaia e Fedriga &#8211; che chiedono l&#8217;eliminazione del limite ai due mandati.<\/p>\n<p><strong>Vicepremier partiamo dal Mes. La calendarizzazione del voto non pare destinata a risolvere la questione e la ratifica a slittare al 2024. Gioved\u00ec che succede?<\/strong><\/p>\n<p>\u00abUn mese in pi\u00f9 o in meno non credo cambi le cose. Non dobbiamo pensare che il Mes sia una questione di calendario ma di politica macroeconomica. E in questo senso la necessit\u00e0 europea \u00e8 sostenere l&#8217;economia reale. Anche se noi come FI siamo favorevoli al Mes, bisogna essere consapevoli che non basta, dobbiamo completare l&#8217;architettura composta anche dal Patto di Stabilit\u00e0, dall&#8217;unione bancaria e dall&#8217;armonizzazione fiscale. Altrimenti saremmo davanti ad una scelta monca che servirebbe probabilmente solo alle banche tedesche dato che le nostre siamo gi\u00e0 riusciti a rinforzarle anche con un buon testo sugli extra-profitti\u00bb.<\/p>\n<p><strong>Se la trattativa sul patto di Stabilit\u00e0 avanzata quella per gli altri due punti per\u00f2 non pare a un punto di svolta.<\/strong><\/p>\n<p>\u00abMi aspetto aperture dagli altri Paesi Ue, \u00e8 un tema che l&#8217;Italia pone gi\u00e0 con grande forza. Io, ad esempio, l&#8217;ho fatto quando siamo stati a Berlino, il discorso complessivo \u00e8 esattamente quello che ho fatto al loro ministro delle Finanze. Non \u00e8 che Roma per fare una cortesia ai tedeschi poi non fa il proprio bene. Ma \u00e8 un ragionamento che estendo anche ai partiti italiani: chiedo a tutti coloro che sono favorevoli cosa intendono fare su unione bancaria e fiscalit\u00e0\u00bb.<\/p>\n<p><strong>L&#8217;intesa sul Patto \u00e8 appesa alla mediazione tedesca con i Paesi frugali. Che ne pensa? <\/strong><\/p>\n<p>\u00abNon accetteremo proposte lesive per noi. I frugali non sono paesi industriali ma devono tenere conto del fatto che noi siamo la seconda manifattura d&#8217;Europa e che altri Paesi, come la Francia, hanno le nostre stesse posizioni critiche. Ricordo loro che il Patto \u00e8 di stabilit\u00e0 ma \u00e8 anche di crescita. Non \u00e8 che possono tagliare quest&#8217;ultima o si fa la fine delle vecchie regole recessive che nel 2008 hanno provocato guai enormi\u00bb.<\/p>\n<p><strong>Per cui siamo pronti a non sottoscriverlo? <\/strong><\/p>\n<p>\u00abRibadisco: io mi auguro si possa trovare un accordo entro Natale ma non vogliamo sia penalizzante per noi\u00bb.<\/p>\n<p><strong>Quale sar\u00e0 la prossima maggioranza del Parlamento Ue? <\/strong><\/p>\n<p>\u00abLa decidono gli elettori ma io vedo in forte crescita il Partito popolare europeo e credo che si riuscir\u00e0 a concretizzare quella che per noi \u00e8 la maggioranza ideale, con dentro popolari, conservatori e liberali\u00bb.<\/p>\n<p><strong>Oltre ai socialisti resterebbe fuori anche Salvini\u2026<\/strong><\/p>\n<p>\u00abLa sinistra \u00e8 gi\u00e0 stata sconfitta dalla coalizione che port\u00f2 alla mia elezione a presidente del Parlamento europeo. Per quanto riguarda la Lega bisogna tenere conto che l&#8217;Ue funziona diversamente dall&#8217;Italia e si pu\u00f2 stare in famiglie politiche diverse. Da parte nostra comunque non c&#8217;\u00e8 nessun veto o preclusione nei confronti della Lega. Anche domani mattina sarebbe la benvenuta in una maggioranza con il Ppe. Non vogliamo per\u00f2 Afd e Le Pen perch\u00e9 hanno valori diversi dai nostri e perch\u00e9 nessuno si alleerebbe con loro\u00bb.<\/p>\n<p><strong>Al voto di giugno qual e l&#8217;asticella per FI?<\/strong><\/p>\n<p>\u00abTutti i sondaggi ci danno in crescita costante, abbiamo una struttura ormai consolidata, e quindi puntiamo ad andare oltre al 10%. \u00c8 evidente a tutti che c&#8217;\u00e8 stata una reazione opposta rispetto a chi credeva che giorno dopo la morte di Berlusconi ci saremmo dissolti. Non hanno compreso che Berlusconi non \u00e8 una presenza effimera nella storia italiana e che la sua grande eredit\u00e0 \u00e8 stata lasciare una forza politica capace di vivere dopo di lui. E questo lo dimostreremo, a partire dal Congresso che si terr\u00e0 a Roma il 23-24 febbraio prossimi. Non siamo una forza nostalgica\u00bb.<\/p>\n<p><strong>Prima del voto Ue ci sono le Regionali. Ricandidate gli uscenti o FdI merita qualche concessione in pi\u00f9 avendo pochi governatori? <\/strong><\/p>\n<p>\u00abSeguiremo la prassi, com&#8217;\u00e8 giusto. E la prassi \u00e8 ricandidare gli uscenti. A meno che un partito non decida di sostituirlo e, come abbiamo fatto in Molise candidando Roberti al posto di Toma, propone un nome alternativo. Ma per quanto ci riguarda non \u00e8 cos\u00ec e confermiamo Cirio in Piemonte e Bardi in Basilicata&#8221;.<\/p>\n<p><strong>Su FdI? <\/strong><\/p>\n<p>\u00abNon \u00e8 questione di lottizzare. FdI ha tanti ministri e bravi presidenti di Regione. Non credo sia il momento di riaprire polemiche o cominciarle. Se poi un partito decide di rinunciare per qualunque motivo ad una Regione \u00e8 un altro discorso\u00bb.<\/p>\n<p><strong>La riforma del limite dei due mandati? Zaia, De Luca, Toti e altri la chiedono con forza. <\/strong><\/p>\n<p>\u00abNon \u00e8 che possiamo fare le leggi per qualcuno, e poi \u00e8 sano garantire un ricambio nella leadership delle regioni dopo 10 anni. Un conto sono i sindaci dei comuni piccoli, un conto i presidenti delle Regioni\u00bb.<\/p>\n<p><strong>Passiamo alla Manovra. Al netto delle buone intenzioni i tempi sembrano allungarsi. Sar\u00e0 la solita corsa contro il tempo?<\/strong><\/p>\n<p>\u00abL&#8217;importante \u00e8 superare l&#8217;esame in tempi utili e noi lo faremo. Non mi preoccupano i tempi perch\u00e9 abbiamo preso lo spazio che serviva a migliorare il testo nella direzione indicata da Forza Italia. Siamo stati noi a porre il tema delle pensioni, cos\u00ec come quello della casa o quello della sicurezza. Tutte misure che aiutano l&#8217;Italia a uscire da un periodo difficile\u00bb.<\/p>\n<p><strong>L&#8217;inflazione sembra migliorare&#8230;<\/strong><\/p>\n<p>\u00abPer fortuna si sta abbassando e quindi dico che \u00e8 ora abbassare anche i tassi di interesse. Farlo significa aiutare l&#8217;accesso al credito per imprese e famiglie. E&#8217; un punto su cui lavoreremo in modo da chiedere alla Bce un intervento rapido. Prima li abbassa la banca centrale europea, prima possono farlo le banche. Se il denaro costa meno se ne avvantaggiano tutti, specie i cittadini che hanno sottoscritto un mutuo variabile. La differenza si sente, glielo garantisco io che ne ho uno\u00bb.<\/p>\n<p><strong>Parlando di sicurezza: sta facendo discutere l&#8217;emendamento con cui il governo ha deciso di tagliare 45 milioni a sostegno dei migranti e aumentare i fondi alle forze dell&#8217;ordine.<\/strong><\/p>\n<p>\u00abUna tempesta in un bicchiere d&#8217;acqua. Stiamo facendo tanto sui migranti, ma serve equilibrio. E poi vogliamo che i migranti siano soccorsi in mare ma chi volete che ci vada? Sul campo ci sono Marina militare, Guardia di Finanza, Capitaneria di Porto. \u00c8 giusto riconoscergli questi impegni. Cos\u00ec come per tutte le altre forze dell&#8217;ordine o di polizia, a partire dai Vigili del Fuoco\u00bb.<\/p>\n<p><strong>C&#8217;\u00e8 poi una polemica da parte di decine di artisti contro l&#8217;accordo siglato nel 2022 tra Lazio e Farnesina per la cessione al ministero del complesso Ex-Civis. Come risponde?<\/strong><\/p>\n<p>\u00abNessuno ha intenzione di interrompere l&#8217;attivit\u00e0 formativa che svolge l&#8217;officina Pasolini nel complesso ex Civis, di fronte al Ministero degli Esteri. Anzi al termine dei lavori di riqualificazione degli spazi, dove la Farnesina trasferir\u00e0 gli uffici della Cooperazione allo sviluppo, officina Pasolini avr\u00e0 a disposizione uno spazio pi\u00f9 grande e funzionale. Tutto ci\u00f2 nonostante l&#8217;accordo siglato da Zingaretti e Di Maio ne avesse messo in pericolo la sua attivit\u00e0. Quindi nessuno sgombero, nessun nuovo mega parcheggio\u00bb.<\/p>\n<p>&nbsp;<\/p>\n","protected":false},"excerpt":{"rendered":"\u00abPer le Regionali seguiremo la prassi e confermeremo i candidati uscenti\u00bb. Sulle fibrillazioni che stanno agitando il centrodestra in vista del voto in Sardegna, Basilicata, Abruzzo, Umbria e Piemonte Antonio Tajani sembra avere le idee chiare. Per il vicepremier, ministro degli Esteri e leader di Forza Italia, non c&#8217;\u00e8 bisogno di &#8220;riequilibrare&#8221; i rapporti di [&hellip;]","protected":false},"author":1,"featured_media":0,"comment_status":"closed","ping_status":"closed","sticky":false,"template":"","format":"standard","meta":{"footnotes":""},"categories":[23],"tags":[28],"class_list":["post-109146","post","type-post","status-publish","format-standard","hentry","category-interviste","tag-ministro"],"_links":{"self":[{"href":"https:\/\/www.esteri.it\/it\/wp-json\/wp\/v2\/posts\/109146","targetHints":{"allow":["GET"]}}],"collection":[{"href":"https:\/\/www.esteri.it\/it\/wp-json\/wp\/v2\/posts"}],"about":[{"href":"https:\/\/www.esteri.it\/it\/wp-json\/wp\/v2\/types\/post"}],"author":[{"embeddable":true,"href":"https:\/\/www.esteri.it\/it\/wp-json\/wp\/v2\/users\/1"}],"replies":[{"embeddable":true,"href":"https:\/\/www.esteri.it\/it\/wp-json\/wp\/v2\/comments?post=109146"}],"version-history":[{"count":2,"href":"https:\/\/www.esteri.it\/it\/wp-json\/wp\/v2\/posts\/109146\/revisions"}],"predecessor-version":[{"id":109161,"href":"https:\/\/www.esteri.it\/it\/wp-json\/wp\/v2\/posts\/109146\/revisions\/109161"}],"wp:attachment":[{"href":"https:\/\/www.esteri.it\/it\/wp-json\/wp\/v2\/media?parent=109146"}],"wp:term":[{"taxonomy":"category","embeddable":true,"href":"https:\/\/www.esteri.it\/it\/wp-json\/wp\/v2\/categories?post=109146"},{"taxonomy":"post_tag","embeddable":true,"href":"https:\/\/www.esteri.it\/it\/wp-json\/wp\/v2\/tags?post=109146"}],"curies":[{"name":"wp","href":"https:\/\/api.w.org\/{rel}","templated":true}]}}