{"id":11030,"date":"2014-11-11T08:10:26","date_gmt":"2014-11-11T07:10:26","guid":{"rendered":"https:\/\/www.esteri.it\/sala_stampa\/archivionotizie\/comunicati\/2014\/11\/20141111_diplpoliedrico\/"},"modified":"2014-11-11T08:10:26","modified_gmt":"2014-11-11T07:10:26","slug":"20141111_diplpoliedrico","status":"publish","type":"post","link":"https:\/\/www.esteri.it\/it\/sala_stampa\/archivionotizie\/approfondimenti\/2014\/11\/20141111_diplpoliedrico\/","title":{"rendered":"Diplomazia e Dintorni &#8211; Il diplomatico poliedrico"},"content":{"rendered":"<p><P>La prossima puntata della nuova serie del programma radiofonico \u201cDiplomazia e Dintorni\u201d andr\u00e0 in onda marted\u00ec 11 novembre alle ore 20 e sar\u00e0 intitolata &#8220;Il diplomatico poliedrico: Silvio Mignano&#8221; Poeta, narratore, artista, illustratore, diplomatico, <a href=\"http:\/\/www.silviomignano.net\/\" target=\"_self\" _djrealurl=\"http:\/\/www.silviomignano.net\/\" rel=\"noopener\">Silvio Mignano<\/A> sar\u00e0 ospite della prossima puntata di &#8220;Diplomazia e dintorni&#8221;. Laureato in giurisprudenza, diplomatico dal 1991, in servizio a Cuba, in Kenya, poi console generale a Basilea, ambasciatore in Bolivia, Silvio Mignano ha accompagnato da sempre la sua attivit\u00e0 diplomatica con quella letteraria, che considera un piano indispensabile della sua personalit\u00e0 e in nessun modo un semplice passatempo.Ha pubblicato i romanzi &#8220;Una lezione sull&#8217;amore&#8221; (Fazi, 1999) e &#8220;Le porte dell&#8217;inferno&#8221; (Fazi, 2001), le raccolte di poesie &#8220;Taccuino nero per il viaggio&#8221; (Caramanica, 2003), &#8220;Non abbiamo uno sceneggiatore di scorta&#8221; (Gente Com\u00fan, 2009) e &#8220;La nostra ribelle nuova educazione&#8221; (Manni, 2011), e la raccolta di favole &#8220;Il regalo del rinoceronte&#8221; (Manni, 2004), che ha anche illustrato. \u00c8 collaboratore di riviste letterarie come &#8220;L&#8217;Indice dei libri del mese&#8221; e &#8220;L&#8217;immaginazione&#8221;. I suoi libri sono tradotti in spagnolo. Con &#8220;La nostra ribelle buona educazione&#8221; ha vinto nel 2012 il prestigiosissimo Premio Sertoli Salis per il miglior libro di poesie italiano del biennio.Ha scritto la sceneggiatura del film &#8220;Haiti ch\u00e9rie&#8221; di Claudio Del Punta (2007), vincendo il Premio Giuria Giovane al Festival di Locarno e il Premio per la miglior sceneggiatura al Festival del cinema d&#8217;amore di Mons (Belgio).Silvio Mignano \u00e8 anche artista, illustratore e curatore. Ha organizzato tra le altre la mostra &#8220;Avenue Rotella&#8221; di Mimmo Rotella al Museo Tinguely di Basilea nel 2006, curata con Germano Celant. \u00c8 stato Presidente del Comitato organizzatore della Biennale de La Paz del 2009, con Achille Bonito Oliva Presidente della Giuria.<\/P><br \/>\n<P><STRONG>Diplomazia e Dintorni: tutte le puntate<\/STRONG><\/P><br \/>\n<P>Vi ricordo che la trasmissione &#8220;Diplomazia e dintorni&#8221; si pu\u00f2 ascoltare sulla webradio Radio LUISS collegandosi al sito http:\/\/www.radioluiss.it e utilizzando la funzione &#8220;on air&#8221; che si trova in alto a destra nella pagina. Potete ascoltare la trasmissione anche sul vostro smartphone scaricando l&#8217;app di Radio Luiss.<\/P><br \/>\n<P>Tutti quelli che non possono seguire in diretta, potranno riascoltare o scaricare la trasmissione collegandosi al sito: http:\/\/diplomaziaedintorni.wordpress.com <\/P><br \/>\n<P><STRONG>Il programma: diplomazia e jazz<\/STRONG><\/P><br \/>\n<P>Diplomazia e Dintorni. <\/P><br \/>\n<P>Ogni marted\u00ec dalle 20 alle 21 su RadioLuiss.it va in onda un programma ideato e condotto da Stefano Baldi per conoscere da vicino diplomatici e diplomazia, accompagnati da selezionata musica jazz.<\/P><br \/>\n<P>Nel corso del programma, attraverso ospiti,interviste, libri e altre rubriche verranno affrontati temi legati alle attivit\u00e0 svolte da diplomatici e da funzionari internazionali. E&#8217; un&#8217;occasione per conoscere pi\u00f9 da vicino come opera il mondo internazionale attraverso gli occhi e le esperienze di chi, ogni giorno, \u00e8 attivo sulla scena internazionale.<\/P><br \/>\n<P>Tutte le puntate di\u00e0 tramesse di Diplomazia e Dintorni possono essere riascoltate al sito <a href=\"http:\/\/diplomaziaedintorni.wordpress.com\/\" target=\"_self\" _djrealurl=\"http:\/\/diplomaziaedintorni.wordpress.com\" rel=\"noopener\">http:\/\/diplomaziaedintorni.wordpress.com<\/A><\/P><br \/>\n<P>Per inviare domande o suggerimenti al programma scrivere a <A href=\"mailto:diplomaziaedintorni@gmail.com\">diplomaziaedintorni@gmail.com<\/A><\/P><\/p>\n","protected":false},"excerpt":{"rendered":"La prossima puntata della nuova serie del programma radiofonico \u201cDiplomazia e Dintorni\u201d andr\u00e0 in onda marted\u00ec 11 novembre alle ore 20 e sar\u00e0 intitolata &#8220;Il diplomatico poliedrico: Silvio Mignano&#8221; Poeta, narratore, artista, illustratore, diplomatico, Silvio Mignano sar\u00e0 ospite della prossima puntata di &#8220;Diplomazia e dintorni&#8221;. Laureato in giurisprudenza, diplomatico dal 1991, in servizio a Cuba, [&hellip;]","protected":false},"author":1,"featured_media":0,"comment_status":"","ping_status":"","sticky":false,"template":"","format":"standard","meta":{"footnotes":""},"categories":[2],"tags":[],"class_list":["post-11030","post","type-post","status-publish","format-standard","hentry","category-approfondimenti"],"_links":{"self":[{"href":"https:\/\/www.esteri.it\/it\/wp-json\/wp\/v2\/posts\/11030","targetHints":{"allow":["GET"]}}],"collection":[{"href":"https:\/\/www.esteri.it\/it\/wp-json\/wp\/v2\/posts"}],"about":[{"href":"https:\/\/www.esteri.it\/it\/wp-json\/wp\/v2\/types\/post"}],"author":[{"embeddable":true,"href":"https:\/\/www.esteri.it\/it\/wp-json\/wp\/v2\/users\/1"}],"replies":[{"embeddable":true,"href":"https:\/\/www.esteri.it\/it\/wp-json\/wp\/v2\/comments?post=11030"}],"version-history":[{"count":0,"href":"https:\/\/www.esteri.it\/it\/wp-json\/wp\/v2\/posts\/11030\/revisions"}],"wp:attachment":[{"href":"https:\/\/www.esteri.it\/it\/wp-json\/wp\/v2\/media?parent=11030"}],"wp:term":[{"taxonomy":"category","embeddable":true,"href":"https:\/\/www.esteri.it\/it\/wp-json\/wp\/v2\/categories?post=11030"},{"taxonomy":"post_tag","embeddable":true,"href":"https:\/\/www.esteri.it\/it\/wp-json\/wp\/v2\/tags?post=11030"}],"curies":[{"name":"wp","href":"https:\/\/api.w.org\/{rel}","templated":true}]}}