{"id":11237,"date":"2014-10-23T09:21:51","date_gmt":"2014-10-23T07:21:51","guid":{"rendered":"https:\/\/www.esteri.it\/sala_stampa\/archivionotizie\/comunicati\/2014\/10\/20141023_italiaargentinagrasso\/"},"modified":"2014-10-23T09:21:51","modified_gmt":"2014-10-23T07:21:51","slug":"20141023_italiaargentinagrasso","status":"publish","type":"post","link":"https:\/\/www.esteri.it\/it\/sala_stampa\/archivionotizie\/approfondimenti\/2014\/10\/20141023_italiaargentinagrasso\/","title":{"rendered":"Italia-Argentina &#8211; Grasso inaugura &#8220;laboratorio idee&#8221; giovani &#8211; Progetto biculturale, cerimonia a &#8220;Palazzo Italia&#8221; Baires"},"content":{"rendered":"<p>&#8220;L&#8217;Italia deve ritornare a credere fortemente nel valore del proprio patrimonio culturale, letterario, artistico, scientifico, che pu\u00f2 rappresentare unvolano&#8221; affinch\u00e8 il Paese riconquisti il ruolo che gli spetta: lo ha sottolineato il presidente del Senato, Pietro Grasso, inaugurando un nuovo &#8216;laboratorio di idee Italia-Argentina&#8217;. Presente l&#8217;ambasciatore Teresa Castaldo, il nuovo &#8216;think-tank&#8217; \u00e8 stato inaugurato durante un incontro presso l&#8217;Istituto italiano di cultura nell&#8217;ambito del &#8216;Palazzo Italia&#8217;, sede delle diverse forme d&#8217;espressione del Paese in Argentina.<br \/>\n<P><STRONG>&#8220;Una fusione di culture, progettualit\u00e0 e risorse&#8221;<\/STRONG><STRONG><\/STRONG><\/P><br \/>\n<P>&#8220;C&#8217;\u00e8 un&#8217;Italia fuori dall&#8217;Italia che troppo spesso ignoriamo&#8221;, ha sottolineato in un intervento Grasso, ricordando di aver trovato a Buenos Aires &#8220;una Italia sorridente e capace ancora di credere nei sogni&#8221;, un luogo dove si \u00e8 materializzata &#8220;una fusione di culture, progettualit\u00e0 e risorse&#8221; e che conferma l&#8217;importanza di &#8220;fare sistema&#8221;. Il presidente del Senato ha tra l&#8217;altro messo in evidenza che &#8220;questo modello di proiezione italiana deve farci riflettere sull&#8217;importanza di investire in cultura, istruzione, formazione e ricerca&#8221;.<\/P><br \/>\n<P><STRONG>Nuovo &#8216;laboratorio di idee&#8217;<\/STRONG><\/P><br \/>\n<P>Durante la cerimonia, Grasso ha quindi tenuto a battesimo il nuovo &#8216;laboratorio di idee&#8217; che \u00e8 stato presentato dall&#8217;ambasciatore Castaldo e da alcuni giovani italo-argentini. L&#8217;ambasciatore ha tra l&#8217;altro sottolineato &#8220;i progetti che potranno essere realizzati in tutto il paese da giovani, e anche meno giovani, in diversi settori&#8221;. Questa nuova iniziativa, ha aggiunto, rappresenta uno strumento &#8220;innovativo e biculturale&#8221; in un&#8217;Argentina dove sono per esempio impegnate &#8220;pi\u00f9 di mille associazioni italiane&#8221;.<\/P><br \/>\n<P>Oltre ai rappresentanti della collettivit\u00e0, all&#8217;incontro erano presenti alcuni dei giovani promotori del&#8217;laboratario&#8217; che intende potare avanti diversi studi e iniziative, tra i quali una ricerca sulle &#8220;nuove mobilit\u00e0 italiane in Argentina&#8221;, uno dei fenomeni pi\u00f9 interessanti a Buenos Aires degli ultimidieci anni, e cio\u00e8 il consistente flusso di ragazzi italiani che scelgono la megalopoli argentina per vivere, lavorare e studiare.<\/P><\/p>\n","protected":false},"excerpt":{"rendered":"&#8220;L&#8217;Italia deve ritornare a credere fortemente nel valore del proprio patrimonio culturale, letterario, artistico, scientifico, che pu\u00f2 rappresentare unvolano&#8221; affinch\u00e8 il Paese riconquisti il ruolo che gli spetta: lo ha sottolineato il presidente del Senato, Pietro Grasso, inaugurando un nuovo &#8216;laboratorio di idee Italia-Argentina&#8217;. Presente l&#8217;ambasciatore Teresa Castaldo, il nuovo &#8216;think-tank&#8217; \u00e8 stato inaugurato durante [&hellip;]","protected":false},"author":1,"featured_media":0,"comment_status":"","ping_status":"","sticky":false,"template":"","format":"standard","meta":{"footnotes":""},"categories":[2],"tags":[398,32,35],"class_list":["post-11237","post","type-post","status-publish","format-standard","hentry","category-approfondimenti","tag-america-latina-e-caraibi","tag-diplomazia-culturale","tag-diplomazia-scientifica"],"_links":{"self":[{"href":"https:\/\/www.esteri.it\/it\/wp-json\/wp\/v2\/posts\/11237","targetHints":{"allow":["GET"]}}],"collection":[{"href":"https:\/\/www.esteri.it\/it\/wp-json\/wp\/v2\/posts"}],"about":[{"href":"https:\/\/www.esteri.it\/it\/wp-json\/wp\/v2\/types\/post"}],"author":[{"embeddable":true,"href":"https:\/\/www.esteri.it\/it\/wp-json\/wp\/v2\/users\/1"}],"replies":[{"embeddable":true,"href":"https:\/\/www.esteri.it\/it\/wp-json\/wp\/v2\/comments?post=11237"}],"version-history":[{"count":0,"href":"https:\/\/www.esteri.it\/it\/wp-json\/wp\/v2\/posts\/11237\/revisions"}],"wp:attachment":[{"href":"https:\/\/www.esteri.it\/it\/wp-json\/wp\/v2\/media?parent=11237"}],"wp:term":[{"taxonomy":"category","embeddable":true,"href":"https:\/\/www.esteri.it\/it\/wp-json\/wp\/v2\/categories?post=11237"},{"taxonomy":"post_tag","embeddable":true,"href":"https:\/\/www.esteri.it\/it\/wp-json\/wp\/v2\/tags?post=11237"}],"curies":[{"name":"wp","href":"https:\/\/api.w.org\/{rel}","templated":true}]}}