{"id":1130,"date":"2021-03-10T16:18:24","date_gmt":"2021-03-10T15:18:24","guid":{"rendered":"https:\/\/www.esteri.it\/sala_stampa\/archivionotizie\/comunicati\/2021\/03\/nota-farnesina-libia_10\/"},"modified":"2021-03-10T16:18:24","modified_gmt":"2021-03-10T15:18:24","slug":"nota-farnesina-libia_10","status":"publish","type":"post","link":"https:\/\/www.esteri.it\/it\/sala_stampa\/archivionotizie\/comunicati\/2021\/03\/nota-farnesina-libia_10\/","title":{"rendered":"Nota Farnesina &#8211; Libia"},"content":{"rendered":"<p>L\u2019Italia accoglie con grande soddisfazione l&#8217;esito del voto della sessione\u00a0plenaria\u00a0della Camera dei Rappresentanti, riunitasi a Sirte a partire dall&#8217;8 marzo, che oggi 10 marzo ha\u00a0accordato la\u00a0fiducia al Governo di Unit\u00e0 Nazionale guidato dal Primo Ministro Abdelhamid\u00a0Dabaiba.<\/p>\n<p>Si tratta di un risultato importante e incoraggiante sul percorso di\u00a0normalizzazione del Paese\u00a0che apre\u00a0la strada ad una effettiva\u00a0transizione istituzionale nel segno dell&#8217;unit\u00e0 della Libia.\u00a0Dopo un decennio di conflitto, i libici hanno dato prova di grande volont\u00e0 e determinazione nel voler\u00a0superare le differenze attraverso il dialogo. L&#8217;ampia maggioranza con cui il Parlamento libico ha conferito la fiducia al Governo di Unit\u00e0 Nazionale \u00e8 ulteriore testimonianza di tale rinnovato senso di unit\u00e0.<\/p>\n<p>Il raggiungimento di questi obiettivi\u00a0appariva\u00a0difficile fino a pochi mesi fa e per questo\u00a0l&#8217;Italia ringrazia e\u00a0ribadisce il proprio sincero apprezzamento per gli incessanti sforzi delle Nazioni Unite e dell&#8217;Inviato Speciale del Segretario Generale ONU Jan Kubis per la pace e la stabilit\u00e0\u00a0in Libia.<\/p>\n<p>Nel solco dei profondi legami storici e di amicizia che uniscono i nostri Paesi, l&#8217;Italia resta accanto al popolo libico ed\u00a0\u00e8 pronta a\u00a0collaborare con l&#8217;autorit\u00e0 esecutiva unificata\u00a0<i>ad interim<\/i>\u00a0e a sostenerla, nel solco del percorso delineato dal Processo di Berlino,\u00a0nelle prossime fasi della transizione istituzionale e nel\u00a0perseguimento di alcuni obiettivi prioritari, quali la tenuta delle elezioni il 24 dicembre 2021 e la concreta attuazione dell&#8217;accordo sul cessate il fuoco, a partire dal completo ritiro di tutti i combattenti e mercenari stranieri dal Paese, l\u2019avvio di un processo di riconciliazione nazionale e la fornitura dei servizi essenziali alla popolazione libica.<\/p>\n","protected":false},"excerpt":{"rendered":"L\u2019Italia accoglie con grande soddisfazione l&#8217;esito del voto della sessione\u00a0plenaria\u00a0della Camera dei Rappresentanti, riunitasi a Sirte a partire dall&#8217;8 marzo, che oggi 10 marzo ha\u00a0accordato la\u00a0fiducia al Governo di Unit\u00e0 Nazionale guidato dal Primo Ministro Abdelhamid\u00a0Dabaiba. Si tratta di un risultato importante e incoraggiante sul percorso di\u00a0normalizzazione del Paese\u00a0che apre\u00a0la strada ad una effettiva\u00a0transizione istituzionale [&hellip;]","protected":false},"author":1,"featured_media":0,"comment_status":"","ping_status":"","sticky":false,"template":"","format":"standard","meta":{"footnotes":""},"categories":[1],"tags":[6,26],"class_list":["post-1130","post","type-post","status-publish","format-standard","hentry","category-comunicati","tag-mediterraneo-e-medio-oriente","tag-onu"],"_links":{"self":[{"href":"https:\/\/www.esteri.it\/it\/wp-json\/wp\/v2\/posts\/1130","targetHints":{"allow":["GET"]}}],"collection":[{"href":"https:\/\/www.esteri.it\/it\/wp-json\/wp\/v2\/posts"}],"about":[{"href":"https:\/\/www.esteri.it\/it\/wp-json\/wp\/v2\/types\/post"}],"author":[{"embeddable":true,"href":"https:\/\/www.esteri.it\/it\/wp-json\/wp\/v2\/users\/1"}],"replies":[{"embeddable":true,"href":"https:\/\/www.esteri.it\/it\/wp-json\/wp\/v2\/comments?post=1130"}],"version-history":[{"count":0,"href":"https:\/\/www.esteri.it\/it\/wp-json\/wp\/v2\/posts\/1130\/revisions"}],"wp:attachment":[{"href":"https:\/\/www.esteri.it\/it\/wp-json\/wp\/v2\/media?parent=1130"}],"wp:term":[{"taxonomy":"category","embeddable":true,"href":"https:\/\/www.esteri.it\/it\/wp-json\/wp\/v2\/categories?post=1130"},{"taxonomy":"post_tag","embeddable":true,"href":"https:\/\/www.esteri.it\/it\/wp-json\/wp\/v2\/tags?post=1130"}],"curies":[{"name":"wp","href":"https:\/\/api.w.org\/{rel}","templated":true}]}}