{"id":117161,"date":"2024-05-18T09:46:08","date_gmt":"2024-05-18T07:46:08","guid":{"rendered":"https:\/\/www.esteri.it\/?p=117161"},"modified":"2024-05-18T10:33:24","modified_gmt":"2024-05-18T08:33:24","slug":"non-ce-una-regia-dietro-gli-attentati-ma-la-russia-sogna-che-si-frantumi-lunita-delleuropa","status":"publish","type":"post","link":"https:\/\/www.esteri.it\/it\/sala_stampa\/archivionotizie\/interviste\/2024\/05\/non-ce-una-regia-dietro-gli-attentati-ma-la-russia-sogna-che-si-frantumi-lunita-delleuropa\/","title":{"rendered":"Non c&#8217;\u00e8 una regia dietro gli attentati. Ma la Russia sogna che si frantumi l&#8217;unit\u00e0 dell&#8217;Europa"},"content":{"rendered":"<p>Dall&#8217;auto che lo sta conducendo a Tarquinia per un comizio, il vicepremier e ministro degli Esteri Antonio Tajani parla con il Giornale dell&#8217;attualit\u00e0 politica.<\/p>\n<p>Dall&#8217;auto che lo sta conducendo a Tarquinia per un comizio, il vicepremier e ministro degli Esteri Antonio Tajani parla con il Giornale dell&#8217;attualit\u00e0 politica. Sgranocchia qualcosina mentre viaggia e non nasconde la gioia per la vittoria della Juventus in Coppa Italia. Anche lui allo stadio Olimpico di Roma ha assistito dal vivo allo show che \u00e8 costato l&#8217;esonero dell&#8217;allenatore Massimiliano Allegri. \u00ab\u00c8 un amico, sicuramente ha dimostrato di sapere ottenere i risulti. \u00c8 un po&#8217; indisciplinato, \u00e8 uscito il suo spirito livornese\u00bb ride.<\/p>\n<p>Ma il clima sotto elezioni europee \u00e8 plumbeo in tutti i paesi d&#8217;Europa. Tajani si prepara alla sfida attraverso le sue giornate zeppe di impegni di ogni tipo. Alla mattina ha partecipato al B7 di Confindustria a Roma, poi ha incontrato alla Farnesina il direttivo del comitato Lgbtq+. Comizi a Tarquinia e a Orbetello e rientro serale a Roma. Oggi in Piemonte (Alba, Verbania e Rivoli) e, la sera a Milano. Poi rientro a Roma per il trentunesimo compleanno del figlio Filippo.<\/p>\n<p><strong>Ministro Tajani, l&#8217;attentato al premier Fico in Slovacchia, l&#8217;assalto alla sinagoga di Rouen, candidati feriti in Germania. L&#8217;Europa \u00e8 impazzita o c&#8217;\u00e8 una regia occulta per destabilizzarla?<\/strong><\/p>\n<p>\u00abNon vedo una regia occulta. Le vicende di una campagna elettorale con toni accesi non sono collegabili anche se qualcuno gioisce, soprattutto la Russia. Mosca spera che si disarticoli l&#8217;unit\u00e0 europea, ci sono attacchi cibernetici in continuazione. \u00c8 una guerra psicologica dove dobbiamo dimostrarci pi\u00f9 forti, anche in ragione della nostra identit\u00e0. Qualcuno sogna un&#8217;Europa instabile\u00bb.<\/p>\n<p><strong>L&#8217;invasione dell&#8217;Ucraina, la polveriera di Gaza. Cosa manca alla diplomazia internazionale per arrivare alla pace?<\/strong><\/p>\n<p>\u00abManca la volont\u00e0 delle parti di cessare il fuoco. Hamas non cede sugli ostaggi, Israele vuole completare la distruzione di Hamas. E cos\u00ec soffrono gli ostaggi e tutta la popolazione civile\u00bb.<\/p>\n<p><strong>Il fattore Russia. Sembrava un paese destinato a implodere dopo mesi di guerra ma Putin pare intoccabile, nel pieno dei propri poteri. Quale evento potrebbe rovesciare la situazione?<\/strong><\/p>\n<p>\u00abIl consenso per Putin c&#8217;\u00e8 sempre stato, anche se incrinato dall&#8217;attacco al Cremlino e dalla marcia fallita su Mosca. C&#8217;\u00e8 dissenso nelle citt\u00e0, ma la pancia profonda della Russia non ha mai tentennato dinanzi agli autocrati, fin dai tempi dello zar\u00bb.<\/p>\n<p><strong>Dopo le elezioni di giugno, la nuova Unione Europea dovr\u00e0 ragionare principalmente come un soggetto militare vista la guerra ai propri confini?<\/strong><\/p>\n<p>\u00abAnche, ma non solo. Dobbiamo garantire la sicurezza dei nostri cittadini. E quello che accade nel Mar rosso mette a repentaglio il nostro l&#8217;export e il trasporto marittimo. Diventa indispensabile la difesa comune europea che serve a rinforzare la presenza nella Nato. Non possiamo sempre aspettare gli americani\u00bb.<\/p>\n<p><strong>Forza Italia sostiene la riconferma alla presidenza di Ursula von der Leyen. Cosa risponde a chi dice che sia diventata una candidata divisiva?<\/strong><\/p>\n<p>\u00abIl congresso del Ppe l&#8217;ha votata come possibile presidente. Certo, \u00e8 una proposta perch\u00e9 saranno il Consiglio Ue e il futuro Parlamento europeo a decidere. Von der Leyen non pu\u00f2 essere considerata divisiva solo perch\u00e9 rappresenta un partito\u00bb.<\/p>\n<p><strong>Cosa trarr\u00e0 l&#8217;Italia in termini di rappresentanza e posti chiave dalle prossime elezioni?<\/strong><\/p>\n<p>\u00abAgli italiani conviene votare Forza Italia visto che \u00e8 il Ppe a dare le carte in Europa. \u00c8 un voto utile per contare di pi\u00f9 in Europa. All&#8217;Italia dovranno aspettare almeno il vicepresidente, se sar\u00e0 reintrodotto, e un portafoglio di peso come Industria e Mercato interno, Concorrenza o Ambiente\u00bb.<\/p>\n<p><strong>Lei \u00e8 capolista azzurro. Non \u00e8 tentato per nulla di ritornare in Europa? Nelle cancellerie gira anche il suo nome come un possibile presidente della Commissione.<\/strong><\/p>\n<p>\u00abQualcuno ha fatto il mio nome, ma io preferisco l&#8217;Italia. Sono nel governo come vicepremier e ministro degli Esteri, ho l&#8217;onere e l&#8217;onore di guidare Forza Italia. Sarebbe ingiusto lasciare tutto per fare il presidente della Commissione Ue\u00bb.<\/p>\n<p><strong>Campagna elettorale. Gli italiani non potranno assistere al duello televisivo Meloni-Schlein. Siamo un Paese ancora intossicato dalla par condicio anti Berlusconi?<\/strong><\/p>\n<p>\u00abNon c&#8217;entra nulla la par condicio. Un confronto tra i partiti pi\u00f9 forti ha senso solo con il maggioritario. E poi quale criterio conterebbe? Il partito? La famiglia europea? Meglio un confronto tutti insieme come si fa in America, se no ognuno fa la propria intervista\u00bb.<\/p>\n<p><strong>Il suo scontro con la Lega su Superbonus e sugar tax \u00e8 sembrato in realt\u00e0 un sfida elettorale mascherata con l&#8217;alleato. C&#8217;\u00e8 molto fair play, ma il duello elettorale con il Carroccio sembra uno dei temi chiavi con le Europee.<\/strong><\/p>\n<p>\u00abNon c&#8217;entra le Lega. Noi siamo leali e coerenti nel sostenere il governo senza esitazione. Ma non rinunciamo alla nostra identit\u00e0: la sugar tax andava rinviata, le tasse non si aumentano con noi al governo. Dicano ci\u00f2 che vogliono, ma senza Forza Italia ora avremmo la tassa sullo zucchero\u00bb.<\/p>\n<p><strong>Arriva la riforma della giustizia. Non teme che l&#8217;accavallarsi con il premierato e l&#8217;autonomia possa attirare contro il governo un fronte trasversale che aspetta solo i referendum per delegittimare il governo?<\/strong><\/p>\n<p>\u00abLe riforme si fanno per rendere pi\u00f9 efficace il sistema Stato. Dobbiamo andare avanti su giustizia, autonomia e premierato visto che gli elettori ce lo hanno chiesto votando il nostro programma\u00bb.<\/p>\n<p><strong>Lei ha raccolto il testimone di Berlusconi alla guida di Forza Italia. Quel \u00e8 stato l&#8217;ultimo impegno che le ha chiesto il Cavaliere?<\/strong><\/p>\n<p>\u00abFa fede il suo ultimo messaggio, quello scritto nel maggio 2023 e reso noto tempo dopo. Spiegava che cos&#8217;era Forza Italia e che bisogna guardare al futuro. Per noi conta questo\u00bb.<\/p>\n","protected":false},"excerpt":{"rendered":"Dall&#8217;auto che lo sta conducendo a Tarquinia per un comizio, il vicepremier e ministro degli Esteri Antonio Tajani parla con il Giornale dell&#8217;attualit\u00e0 politica. Dall&#8217;auto che lo sta conducendo a Tarquinia per un comizio, il vicepremier e ministro degli Esteri Antonio Tajani parla con il Giornale dell&#8217;attualit\u00e0 politica. Sgranocchia qualcosina mentre viaggia e non nasconde [&hellip;]","protected":false},"author":8,"featured_media":0,"comment_status":"closed","ping_status":"closed","sticky":false,"template":"","format":"standard","meta":{"footnotes":""},"categories":[23],"tags":[28],"class_list":["post-117161","post","type-post","status-publish","format-standard","hentry","category-interviste","tag-ministro"],"_links":{"self":[{"href":"https:\/\/www.esteri.it\/it\/wp-json\/wp\/v2\/posts\/117161","targetHints":{"allow":["GET"]}}],"collection":[{"href":"https:\/\/www.esteri.it\/it\/wp-json\/wp\/v2\/posts"}],"about":[{"href":"https:\/\/www.esteri.it\/it\/wp-json\/wp\/v2\/types\/post"}],"author":[{"embeddable":true,"href":"https:\/\/www.esteri.it\/it\/wp-json\/wp\/v2\/users\/8"}],"replies":[{"embeddable":true,"href":"https:\/\/www.esteri.it\/it\/wp-json\/wp\/v2\/comments?post=117161"}],"version-history":[{"count":1,"href":"https:\/\/www.esteri.it\/it\/wp-json\/wp\/v2\/posts\/117161\/revisions"}],"predecessor-version":[{"id":117162,"href":"https:\/\/www.esteri.it\/it\/wp-json\/wp\/v2\/posts\/117161\/revisions\/117162"}],"wp:attachment":[{"href":"https:\/\/www.esteri.it\/it\/wp-json\/wp\/v2\/media?parent=117161"}],"wp:term":[{"taxonomy":"category","embeddable":true,"href":"https:\/\/www.esteri.it\/it\/wp-json\/wp\/v2\/categories?post=117161"},{"taxonomy":"post_tag","embeddable":true,"href":"https:\/\/www.esteri.it\/it\/wp-json\/wp\/v2\/tags?post=117161"}],"curies":[{"name":"wp","href":"https:\/\/api.w.org\/{rel}","templated":true}]}}