{"id":117221,"date":"2024-05-21T09:39:48","date_gmt":"2024-05-21T07:39:48","guid":{"rendered":"https:\/\/www.esteri.it\/?p=117221"},"modified":"2024-05-21T09:39:48","modified_gmt":"2024-05-21T07:39:48","slug":"tirana-mostra-del-maestro-michelangelo-pistoletto","status":"publish","type":"post","link":"https:\/\/www.esteri.it\/it\/sala_stampa\/archivionotizie\/diplomazia-culturale\/2024\/05\/tirana-mostra-del-maestro-michelangelo-pistoletto\/","title":{"rendered":"Tirana, mostra del Maestro Michelangelo Pistoletto"},"content":{"rendered":"<p>L\u2019Istituto Italiano di Cultura di Tirana, in collaborazione con la Fondazione Cittadellarte e il COD \u2013 Center for Openness and Dialogue, presenta la mostra del Maestro Michelangelo Pistoletto \u201cArtivazione per una trasformazione sociale responsabile\u201d curata dalla Fondazione Pistoletto Cittadellarte.<\/p>\n<p>La mostra, che verr\u00e0 inaugurata il 21 maggio presso il COD e sar\u00e0 aperta al pubblico fino al 2 luglio, racconta l\u2019Arte come espressione del pensiero che l\u2019Artista prenda su di s\u00e9 la responsabilit\u00e0 di porre in comunicazione ogni attivit\u00e0 umana, dall\u2019economia alla politica, dalla scienza alla religione, dall\u2019educazione al comportamento, in breve tutte le istanze del tessuto sociale.<\/p>\n<p>Suddivisa in quattro stanze e otto passi \u2013 Love Difference, Quadri Specchianti, Cosmologia, Ecologia, Mitologia, Nutrimento, Scrittura e Metaverso \u2013 l\u2019esposizione ripercorre le linee guida di\u00a0<em>Progetto Arte<\/em>\u00a0attraverso le opere del Maestro e la nascita e sviluppo di Cittadellarte e del Terzo Paradiso nell\u2019idea di una \u201ccivilt\u00e0 globale\u201d che elimini le distanze mantenendo le differenze.<\/p>\n<p>La selezione delle opere pone l\u2019accento sul ruolo dell\u2019artivatore e sull\u2019artivazione, concetto coniato dalla Fondazione Pistoletto Cittadellarte che fonde le due parole \u201carte\u201d e \u201cattivazione\u201d rappresentando l\u2019idea di utilizzare l\u2019arte come strumento attivo per stimolare, coinvolgere e attivare il cambiamento sociale.<\/p>\n<p>Per la Fondazione Pistoletto Cittadellarte Onlus<\/p>\n<p>Curatorial and project management:\u00a0 Francesco Saverio Teruzzi<\/p>\n<p>Exhibition Project Manager: Alessandro Lacirasella<\/p>\n<p>&nbsp;<\/p>\n","protected":false},"excerpt":{"rendered":"L\u2019Istituto Italiano di Cultura di Tirana, in collaborazione con la Fondazione Cittadellarte e il COD \u2013 Center for Openness and Dialogue, presenta la mostra del Maestro Michelangelo Pistoletto \u201cArtivazione per una trasformazione sociale responsabile\u201d curata dalla Fondazione Pistoletto Cittadellarte. La mostra, che verr\u00e0 inaugurata il 21 maggio presso il COD e sar\u00e0 aperta al pubblico [&hellip;]","protected":false},"author":3,"featured_media":117222,"comment_status":"closed","ping_status":"closed","sticky":false,"template":"","format":"standard","meta":{"footnotes":""},"categories":[418],"tags":[32,9],"class_list":["post-117221","post","type-post","status-publish","format-standard","has-post-thumbnail","hentry","category-diplomazia-culturale","tag-diplomazia-culturale","tag-europa"],"_links":{"self":[{"href":"https:\/\/www.esteri.it\/it\/wp-json\/wp\/v2\/posts\/117221","targetHints":{"allow":["GET"]}}],"collection":[{"href":"https:\/\/www.esteri.it\/it\/wp-json\/wp\/v2\/posts"}],"about":[{"href":"https:\/\/www.esteri.it\/it\/wp-json\/wp\/v2\/types\/post"}],"author":[{"embeddable":true,"href":"https:\/\/www.esteri.it\/it\/wp-json\/wp\/v2\/users\/3"}],"replies":[{"embeddable":true,"href":"https:\/\/www.esteri.it\/it\/wp-json\/wp\/v2\/comments?post=117221"}],"version-history":[{"count":1,"href":"https:\/\/www.esteri.it\/it\/wp-json\/wp\/v2\/posts\/117221\/revisions"}],"predecessor-version":[{"id":117224,"href":"https:\/\/www.esteri.it\/it\/wp-json\/wp\/v2\/posts\/117221\/revisions\/117224"}],"wp:featuredmedia":[{"embeddable":true,"href":"https:\/\/www.esteri.it\/it\/wp-json\/wp\/v2\/media\/117222"}],"wp:attachment":[{"href":"https:\/\/www.esteri.it\/it\/wp-json\/wp\/v2\/media?parent=117221"}],"wp:term":[{"taxonomy":"category","embeddable":true,"href":"https:\/\/www.esteri.it\/it\/wp-json\/wp\/v2\/categories?post=117221"},{"taxonomy":"post_tag","embeddable":true,"href":"https:\/\/www.esteri.it\/it\/wp-json\/wp\/v2\/tags?post=117221"}],"curies":[{"name":"wp","href":"https:\/\/api.w.org\/{rel}","templated":true}]}}