{"id":117333,"date":"2024-05-22T10:23:05","date_gmt":"2024-05-22T08:23:05","guid":{"rendered":"https:\/\/www.esteri.it\/?p=117333"},"modified":"2024-05-22T10:23:05","modified_gmt":"2024-05-22T08:23:05","slug":"a-palermo-tre-giorni-di-incontri-nel-quadro-del-programma-di-diplomazia-giuridica-e-di-sicurezza-falcone-e-borsellino-del-ministero-degli-esteri","status":"publish","type":"post","link":"https:\/\/www.esteri.it\/it\/sala_stampa\/archivionotizie\/comunicati\/2024\/05\/a-palermo-tre-giorni-di-incontri-nel-quadro-del-programma-di-diplomazia-giuridica-e-di-sicurezza-falcone-e-borsellino-del-ministero-degli-esteri\/","title":{"rendered":"A Palermo tre giorni di incontri nel quadro del Programma di diplomazia giuridica e di sicurezza \u201cFalcone e Borsellino\u201d del Ministero degli Esteri."},"content":{"rendered":"<p>Dal 22 al 24 maggio a Palermo si svolge una tre giorni di incontri sul contrasto al narcotraffico internazionale, nel quadro del Programma \u201cFalcone e Borsellino\u201d, iniziativa di diplomazia giuridica e di sicurezza finanziata dal Ministero degli Affari Esteri e della Cooperazione Internazionale e realizzata dall\u2019Organizzazione Internazionale Italo-Latino Americana \u2013 IILA.<\/p>\n<p>\u201cSin dall\u2019inizio del mio mandato ho voluto rafforzare l\u2019azione di cooperazione giuridica internazionale e di sicurezza sia a livello bilaterale sia multilaterale\u201d ha commentato il Vice Presidente Tajani, che ha ribadito l\u2019impegno del Governo italiano nella lotta contro il traffico di sostanze stupefacenti e il crimine organizzato, con particolare attenzione agli scenari latino americani e della regione caraibica.<\/p>\n<p>In tale contesto, il 22 e 23 maggio, la Procura Nazionale Antimafia e Antiterrorismo e l\u2019IILA con i programmi europei EL PAcCTO 2.0 e COPOLAD III, hanno organizzato a Palermo una serie di riunioni operative presso l\u2019Aula Magna del Palazzo di Giustizia dove 150 procuratori ed investigatori, appartenenti alle pi\u00f9 esposte autorit\u00e0 giudiziarie latinoamericane ed europee provenienti da 18 Paesi, si sono confrontati dal vivo su buone prassi, criticit\u00e0 delle esperienze investigative e tendenze del narcotraffico internazionale. Parteciperanno ai lavori da remoto anche tutte le procure distrettuali antimafia italiane.<\/p>\n<p>Il 24 maggio si svolger\u00e0 invece un incontro di studio organizzato dalla Direzione Nazionale Antimafia con la Scuola Superiore della Magistratura, al quale parteciperanno in presenza oltre 200 magistrati e funzionari di vertice delle forze di polizia.<\/p>\n<p>All\u2019evento &#8211; trasmesso anche in streaming in inglese e spagnolo &#8211; interverranno i Procuratori Nazionali di Argentina, Colombia, Ecuador e Paesi Bassi, coordinati dal Procuratore nazionale antimafia e antiterrorismo italiano Giovanni Melillo. In chiusura, il Sottosegretario di Stato alla Presidenza del Consiglio Alfredo Mantovano parteciper\u00e0 a una tavola rotonda con i Procuratori di Milano, Napoli, Palermo, Reggio Calabria e Roma.<\/p>\n","protected":false},"excerpt":{"rendered":"Dal 22 al 24 maggio a Palermo si svolge una tre giorni di incontri sul contrasto al narcotraffico internazionale, nel quadro del Programma \u201cFalcone e Borsellino\u201d, iniziativa di diplomazia giuridica e di sicurezza finanziata dal Ministero degli Affari Esteri e della Cooperazione Internazionale e realizzata dall\u2019Organizzazione Internazionale Italo-Latino Americana \u2013 IILA. \u201cSin dall\u2019inizio del mio [&hellip;]","protected":false},"author":3,"featured_media":0,"comment_status":"closed","ping_status":"closed","sticky":false,"template":"","format":"standard","meta":{"footnotes":""},"categories":[1],"tags":[28],"class_list":["post-117333","post","type-post","status-publish","format-standard","hentry","category-comunicati","tag-ministro"],"_links":{"self":[{"href":"https:\/\/www.esteri.it\/it\/wp-json\/wp\/v2\/posts\/117333","targetHints":{"allow":["GET"]}}],"collection":[{"href":"https:\/\/www.esteri.it\/it\/wp-json\/wp\/v2\/posts"}],"about":[{"href":"https:\/\/www.esteri.it\/it\/wp-json\/wp\/v2\/types\/post"}],"author":[{"embeddable":true,"href":"https:\/\/www.esteri.it\/it\/wp-json\/wp\/v2\/users\/3"}],"replies":[{"embeddable":true,"href":"https:\/\/www.esteri.it\/it\/wp-json\/wp\/v2\/comments?post=117333"}],"version-history":[{"count":1,"href":"https:\/\/www.esteri.it\/it\/wp-json\/wp\/v2\/posts\/117333\/revisions"}],"predecessor-version":[{"id":117334,"href":"https:\/\/www.esteri.it\/it\/wp-json\/wp\/v2\/posts\/117333\/revisions\/117334"}],"wp:attachment":[{"href":"https:\/\/www.esteri.it\/it\/wp-json\/wp\/v2\/media?parent=117333"}],"wp:term":[{"taxonomy":"category","embeddable":true,"href":"https:\/\/www.esteri.it\/it\/wp-json\/wp\/v2\/categories?post=117333"},{"taxonomy":"post_tag","embeddable":true,"href":"https:\/\/www.esteri.it\/it\/wp-json\/wp\/v2\/tags?post=117333"}],"curies":[{"name":"wp","href":"https:\/\/api.w.org\/{rel}","templated":true}]}}