{"id":1174,"date":"2021-02-05T22:51:33","date_gmt":"2021-02-05T21:51:33","guid":{"rendered":"https:\/\/www.esteri.it\/sala_stampa\/archivionotizie\/comunicati\/2021\/02\/the-governments-of-france-germany-italy-the-united-kingdom-and-the-united-states-of-america-welcome-the-agreement-reached-by-the-libyan-political-dialogue-forum\/"},"modified":"2021-02-05T22:51:33","modified_gmt":"2021-02-05T21:51:33","slug":"the-governments-of-france-germany-italy-the-united-kingdom-and-the-united-states-of-america-welcome-the-agreement-reached-by-the-libyan-political-dialogue-forum","status":"publish","type":"post","link":"https:\/\/www.esteri.it\/it\/sala_stampa\/archivionotizie\/comunicati\/2021\/02\/the-governments-of-france-germany-italy-the-united-kingdom-and-the-united-states-of-america-welcome-the-agreement-reached-by-the-libyan-political-dialogue-forum\/","title":{"rendered":"The Governments of France, Germany, Italy, the United Kingdom and the United States of America welcome the agreement reached by the Libyan Political Dialogue Forum"},"content":{"rendered":"<div dir=\"ltr\">The Governments of France, Germany, Italy, the United Kingdom and the United States of America welcome the agreement reached by the Libyan Political Dialogue Forum on a unified interim Libyan executive authority charged with leading the country to national elections on December 24, 2021.<\/p>\n<p>This critical step towards reaching a negotiated, inclusive political solution is the result of a genuinely Libyan-led and Libyan-owned process, the mediation of the United Nations, and the support of the Libyan people.\u00a0In this respect, we commend the extraordinary commitment of the United Nations Support Mission in Libya and of Acting Special Representative of the Secretary-General Stephanie Williams. We look forward to fully supporting the work of Special Envoy J\u00e1n Kubi\u0161.<\/p>\n<p>We call on all current Libyan authorities and actors to ensure a smooth and constructive handover of all competences and duties to the new unified executive authority.<\/p>\n<p>Since the Berlin Conference, Libya has made significant progress toward securing lasting peace and stability, including through the reopening of the energy sector, the nationwide ceasefire agreement of 23 October 2020, the roadmap for holding national elections in December 2021, and now the selection of a unified, interim executive authority.<\/p>\n<p>A long road still lies ahead. The unified executive authority will have to implement the ceasefire agreement, provide essential public services to the Libyan people, initiate a program for meaningful reconciliation, address critical national budget needs, and organize national elections. The new interim government, to be proposed by the designated Prime Minister, should be truly inclusive, allowing all Libyans to be represented, including with regard to gender, ethnicity and regional origin.<\/p>\n<p>We call on the delegates of the Libyan Political Dialogue Forum to maintain their important function, guaranteeing the focus of the new unified executive authority on preparing and holding elections as decided by the Forum.<\/p>\n<p>At the Berlin Conference on Libya last year, the international community committed to supporting a resolution to Libya&#8217;s conflict. In the spirit of that commitment, all participants of the Conference should now support the new executive authority in fulfilling its duties to the Libyan people, fully implement the arms embargo, and support the immediate withdrawal of all foreign fighters and mercenaries.<\/p>\n<p>We stand ready to hold to account those who threaten stability or undermine the political process in Libya.<\/p>\n<p>\u00a0<\/p>\n<p>TRADUZIONE DI CORTESIA<\/p>\n<p><strong>I governi di Francia, Germania, Italia, Regno Unito e Stati Uniti d&#8217;America accolgono con favore l&#8217;accordo raggiunto dal Foro di Dialogo Politico Libico.<\/strong><\/p>\n<p>I governi di Francia, Germania, Italia, Regno Unito e Stati Uniti d&#8217;America accolgono con favore l\u2019accordo raggiunto dal Foro di Dialogo Politico Libico (LPDF) sulla designazione di autorit\u00e0 esecutive di transizione unitarie, incaricate di guidare il Paese fino alle elezioni nazionali del 24 dicembre 2021.<\/p>\n<p>Si tratta di un passaggio estremamente importante verso una soluzione politica negoziata e inclusiva, che \u00e8 il risultato di un processo effettivamente guidato e perseguito dalla Libia, con la mediazione delle Nazioni Unite e il sostegno del popolo libico. A tal riguardo, apprezziamo lo straordinario impegno della Missione di Supporto della Nazioni Unite in Libia e della Rappresentante Speciale <i>ad interim<\/i> per la Libia del Segretario Generale ONU, Stephanie Williams. \u00c8 nostra intenzione offrire il pieno sostegno al lavoro dell&#8217;Inviato Speciale J\u00e1n Kubi\u0161.<\/p>\n<p>Chiediamo a tutte le autorit\u00e0 ed a tutti gli attori libici attuali di garantire che il passaggio delle competenze e delle mansioni alle nuove autorit\u00e0 esecutive unitarie avvenga in maniera regolare e costruttiva.<\/p>\n<p>Dalla Conferenza di Berlino, la Libia ha compiuto importanti progressi verso una pace e una stabilit\u00e0 durature, anche tramite la riapertura del settore energetico, l&#8217;accordo nazionale di cessate il fuoco del 23 ottobre 2020, la <i>roadmap<\/i> per lo svolgimento delle elezioni nazionali nel dicembre 2021, e ora l\u2019accordo sulle autorit\u00e0 esecutive di transizione unitarie. Ma la strada da percorrere \u00e8 ancora lunga. Le autorit\u00e0 esecutive di transizione unitarie dovranno attuare l&#8217;accordo sul cessate il fuoco, fornire servizi pubblici essenziali al popolo libico, avviare un programma per una significativa riconciliazione, affrontare le criticit\u00e0 di bilancio e finanza pubblica e organizzare le elezioni nazionali. Il nuovo governo di transizione, che verr\u00e0 proposto dal Primo Ministro incaricato, dovr\u00e0 essere inclusivo e rappresentare tutti i libici, anche rispetto al loro genere, all\u2019etnia e alla regione di provenienza.<\/p>\n<p>Chiediamo ai delegati del Foro di Dialogo Politico Libico di mantenere la loro importante funzione, garantendo che le nuove autorit\u00e0 esecutive unitarie si concentrino sulla preparazione e lo svolgimento delle elezioni, cos\u00ec come deciso dallo stesso Foro.<\/p>\n<p>Alla Conferenza di Berlino sulla Libia dello scorso anno, la comunit\u00e0 internazionale si \u00e8 impegnata a sostenere una risoluzione del conflitto libico. Nello spirito di tale impegno, tutti i partecipanti alla Conferenza dovranno ora sostenere le nuove autorit\u00e0 esecutive nell&#8217;adempimento dei loro doveri nei confronti del popolo Libico, attuando appieno l&#8217;embargo sulle armi e sostenendo l&#8217;immediato ritiro di tutti i combattenti e mercenari stranieri.<\/p>\n<p>Siamo pronti a chiedere conto a tutti coloro che minacciano la stabilit\u00e0 o compromettono il processo politico in Libia.<\/p>\n<\/div>\n","protected":false},"excerpt":{"rendered":"The Governments of France, Germany, Italy, the United Kingdom and the United States of America welcome the agreement reached by the Libyan Political Dialogue Forum on a unified interim Libyan executive authority charged with leading the country to national elections on December 24, 2021. This critical step towards reaching a negotiated, inclusive political solution is [&hellip;]","protected":false},"author":1,"featured_media":0,"comment_status":"","ping_status":"","sticky":false,"template":"","format":"standard","meta":{"footnotes":""},"categories":[1],"tags":[25,6],"class_list":["post-1174","post","type-post","status-publish","format-standard","hentry","category-comunicati","tag-farnesina","tag-mediterraneo-e-medio-oriente"],"_links":{"self":[{"href":"https:\/\/www.esteri.it\/it\/wp-json\/wp\/v2\/posts\/1174","targetHints":{"allow":["GET"]}}],"collection":[{"href":"https:\/\/www.esteri.it\/it\/wp-json\/wp\/v2\/posts"}],"about":[{"href":"https:\/\/www.esteri.it\/it\/wp-json\/wp\/v2\/types\/post"}],"author":[{"embeddable":true,"href":"https:\/\/www.esteri.it\/it\/wp-json\/wp\/v2\/users\/1"}],"replies":[{"embeddable":true,"href":"https:\/\/www.esteri.it\/it\/wp-json\/wp\/v2\/comments?post=1174"}],"version-history":[{"count":0,"href":"https:\/\/www.esteri.it\/it\/wp-json\/wp\/v2\/posts\/1174\/revisions"}],"wp:attachment":[{"href":"https:\/\/www.esteri.it\/it\/wp-json\/wp\/v2\/media?parent=1174"}],"wp:term":[{"taxonomy":"category","embeddable":true,"href":"https:\/\/www.esteri.it\/it\/wp-json\/wp\/v2\/categories?post=1174"},{"taxonomy":"post_tag","embeddable":true,"href":"https:\/\/www.esteri.it\/it\/wp-json\/wp\/v2\/tags?post=1174"}],"curies":[{"name":"wp","href":"https:\/\/api.w.org\/{rel}","templated":true}]}}