{"id":119903,"date":"2024-07-09T18:29:36","date_gmt":"2024-07-09T16:29:36","guid":{"rendered":"https:\/\/www.esteri.it\/?p=119903"},"modified":"2024-07-09T18:31:28","modified_gmt":"2024-07-09T16:31:28","slug":"nota-di-accreditamento-stampa-conferenza-stampa-di-presentazione-ministeriale-g7-commercio-farnesina-12-luglio-2024","status":"publish","type":"post","link":"https:\/\/www.esteri.it\/it\/sala_stampa\/archivionotizie\/notestampa\/2024\/07\/nota-di-accreditamento-stampa-conferenza-stampa-di-presentazione-ministeriale-g7-commercio-farnesina-12-luglio-2024\/","title":{"rendered":"Nota di accreditamento stampa &#8211; Conferenza stampa di presentazione Ministeriale G7 Commercio (Farnesina \u2013 12 luglio 2024)"},"content":{"rendered":"<p class=\"p1\" style=\"text-align: center;\"><strong><span class=\"s1\">Nota di accreditamento stampa <\/span><\/strong><\/p>\n<p class=\"p1\" style=\"text-align: center;\"><span class=\"s1\"><strong>Conferenza stampa di presentazione Ministeriale G7 Commercio<\/strong> <\/span><\/p>\n<p class=\"p1\" style=\"text-align: center;\"><strong><span class=\"s1\">(Farnesina \u2013 12 luglio 2024)<\/span><\/strong><\/p>\n<p class=\"s6\"><span class=\"s4\"><span class=\"bumpedFont15\"><strong>Venerd\u00ec 12 luglio 2024, alle ore 16.30<\/strong>,<\/span><\/span><span class=\"s5\"><span class=\"bumpedFont15\"> presso la Sala Aldo Moro, il Vice Presidente del Consiglio e Ministro degli Affari Esteri e della Cooperazione Internazionale\u00a0<\/span><\/span><span class=\"s4\"><span class=\"bumpedFont15\">Antonio <\/span><\/span><span class=\"s4\"><span class=\"bumpedFont15\">Tajani<\/span><\/span><span class=\"s5\"><span class=\"bumpedFont15\">\u00a0terr\u00e0 una conferenza stampa per illustrare le priorit\u00e0 della Riunione Ministeriale Commercio G7 che si terr\u00e0 a Reggio Calabria e Villa San Giovanni dal 16 al 17 luglio. <\/span><\/span><\/p>\n<p class=\"s6\"><span class=\"s5\"><span class=\"bumpedFont15\">I giornalisti e i cine-foto-operatori interessati a seguire l\u2019evento in presenza potranno inviare la richiesta di accredito entro\u00a0<\/span><\/span><span class=\"s4\"><span class=\"bumpedFont15\">gioved\u00ec 11 luglio alle ore 18.00<\/span><\/span><span class=\"s5\"><span class=\"bumpedFont15\">\u00a0via e-mail all\u2019indirizzo\u00a0<\/span><\/span><a href=\"mailto:accreditamentostampa@esteri.it\"><span class=\"s7\"><span class=\"bumpedFont15\">accreditamentostampa@esteri.it<\/span><\/span><\/a><span class=\"s5\"><span class=\"bumpedFont15\">\u00a0(tel. 06 3691 3432 \u2013 8573 o 3078), seguendo le seguenti modalit\u00e0:<\/span><\/span><\/p>\n<p class=\"s6\"><span class=\"s5\"><span class=\"bumpedFont15\">Per i rappresentanti degli organi di stampa italiani:<\/span><\/span><\/p>\n<div class=\"s9\"><span class=\"s8\">\u2022 <\/span><span class=\"s5\"><span class=\"bumpedFont15\">copia del documento di identit\u00e0;<\/span><\/span><\/div>\n<div class=\"s9\"><span class=\"s8\">\u2022 <\/span><span class=\"s5\"><span class=\"bumpedFont15\">lettera d\u2019incarico della testata di appartenenza oppure \u2013 in assenza di quest\u2019ultima \u2013 copia del tesserino professionale.<\/span><\/span><\/div>\n<p class=\"s6\"><span class=\"s5\"><span class=\"bumpedFont15\">Per i rappresentanti degli organi di stampa stranieri non accreditati presso la Farnesina:<\/span><\/span><\/p>\n<div class=\"s9\"><span class=\"s8\">\u2022 <\/span><span class=\"s5\"><span class=\"bumpedFont15\">copia del documento di identit\u00e0;<\/span><\/span><\/div>\n<div class=\"s9\"><span class=\"s8\">\u2022 <\/span><span class=\"s5\"><span class=\"bumpedFont15\">lettera della testata di appartenenza;<\/span><\/span><\/div>\n<div class=\"s9\"><span class=\"s8\">\u2022 <\/span><span class=\"s5\"><span class=\"bumpedFont15\">Nota Verbale dell\u2019Ambasciata a Roma del Paese dell\u2019organo di stampa rappresentato.<\/span><\/span><\/div>\n<p class=\"s6\"><span class=\"s5\"><span class=\"bumpedFont15\">Per i rappresentanti della stampa stranieri gi\u00e0 accreditati presso la Farnesina, si richiede l\u2019invio della richiesta di accredito, allegando copia di un documento d\u2019identit\u00e0.<\/span><\/span><\/p>\n<p class=\"s6\"><span class=\"s5\"><span class=\"bumpedFont15\">I giornalisti e i cine-foto-operatori accreditati potranno accedere alla Farnesina dall\u2019ingresso principale, lato sinistro, <\/span><\/span><span class=\"s4\"><span class=\"bumpedFont15\">dalle ore 15:45 alle 16:15.<\/span><\/span><\/p>\n<p class=\"s12\"><span class=\"s10\"><span class=\"bumpedFont17\">La comunicazione dei dati personali sopra indicati equivale ad autorizzarne l\u2019utilizzo ai sensi del Decreto Legislativo 30 giugno 2003, n. 196 e del GDPR (Regolamento UE 2016\/679) da parte della\u00a0<\/span><\/span><span class=\"s11\"><span class=\"bumpedFont17\">Direzione Generale per la Diplomazia Pubblica e Culturale del Ministero degli Affari Esteri e della Cooperazione Internazionale,<\/span><\/span><span class=\"s10\"><span class=\"bumpedFont17\">\u00a0titolare del trattamento, per fini strettamente professionali e\/o legati allo svolgimento dell\u2019evento in oggetto.<\/span><\/span><\/p>\n","protected":false},"excerpt":{"rendered":"Nota di accreditamento stampa Conferenza stampa di presentazione Ministeriale G7 Commercio (Farnesina \u2013 12 luglio 2024) Venerd\u00ec 12 luglio 2024, alle ore 16.30, presso la Sala Aldo Moro, il Vice Presidente del Consiglio e Ministro degli Affari Esteri e della Cooperazione Internazionale\u00a0Antonio Tajani\u00a0terr\u00e0 una conferenza stampa per illustrare le priorit\u00e0 della Riunione Ministeriale Commercio G7 [&hellip;]","protected":false},"author":6,"featured_media":0,"comment_status":"closed","ping_status":"closed","sticky":false,"template":"","format":"standard","meta":{"footnotes":""},"categories":[24],"tags":[],"class_list":["post-119903","post","type-post","status-publish","format-standard","hentry","category-notestampa"],"_links":{"self":[{"href":"https:\/\/www.esteri.it\/it\/wp-json\/wp\/v2\/posts\/119903","targetHints":{"allow":["GET"]}}],"collection":[{"href":"https:\/\/www.esteri.it\/it\/wp-json\/wp\/v2\/posts"}],"about":[{"href":"https:\/\/www.esteri.it\/it\/wp-json\/wp\/v2\/types\/post"}],"author":[{"embeddable":true,"href":"https:\/\/www.esteri.it\/it\/wp-json\/wp\/v2\/users\/6"}],"replies":[{"embeddable":true,"href":"https:\/\/www.esteri.it\/it\/wp-json\/wp\/v2\/comments?post=119903"}],"version-history":[{"count":3,"href":"https:\/\/www.esteri.it\/it\/wp-json\/wp\/v2\/posts\/119903\/revisions"}],"predecessor-version":[{"id":119906,"href":"https:\/\/www.esteri.it\/it\/wp-json\/wp\/v2\/posts\/119903\/revisions\/119906"}],"wp:attachment":[{"href":"https:\/\/www.esteri.it\/it\/wp-json\/wp\/v2\/media?parent=119903"}],"wp:term":[{"taxonomy":"category","embeddable":true,"href":"https:\/\/www.esteri.it\/it\/wp-json\/wp\/v2\/categories?post=119903"},{"taxonomy":"post_tag","embeddable":true,"href":"https:\/\/www.esteri.it\/it\/wp-json\/wp\/v2\/tags?post=119903"}],"curies":[{"name":"wp","href":"https:\/\/api.w.org\/{rel}","templated":true}]}}