{"id":122574,"date":"2024-09-05T15:46:57","date_gmt":"2024-09-05T13:46:57","guid":{"rendered":"https:\/\/www.esteri.it\/?p=122574"},"modified":"2024-09-05T15:46:57","modified_gmt":"2024-09-05T13:46:57","slug":"il-maestro-chiantore-in-tour-in-bolivia","status":"publish","type":"post","link":"https:\/\/www.esteri.it\/it\/sala_stampa\/archivionotizie\/diplomazia-culturale\/2024\/09\/il-maestro-chiantore-in-tour-in-bolivia\/","title":{"rendered":"Il Maestro Chiantore in tour in Bolivia"},"content":{"rendered":"<p class=\"x_MsoNormal\">In occasione del\u00a0<b>tour in Bolivia<\/b>\u00a0del\u00a0<b>Maestro<\/b>\u00a0Luca\u00a0<b>Chiantore<\/b>, il\u00a0<b>Ministero degli Affari Esteri boliviano<\/b>\u00a0e l\u2019<b>Ambasciata d\u2019Italia in La Paz<\/b>, in collaborazione con il\u00a0<b>Conservatorio Plurinazionale di Musica e il Centro di Cultura tedesco<\/b>, hanno organizzato un concerto del noto pianista italiano nel salone d\u2019onore\u00a0<b>\u201cTiwanaku\u201d<\/b>\u00a0della\u00a0<b>\u201cCancilleria\u201d<\/b>\u00a0boliviana.<\/p>\n<p class=\"x_MsoNormal\">Il\u00a0<b>Maestro Chiantore<\/b>\u00a0\u00e8 ritenuto un\u2019autorit\u00e0 nello studio della storia del\u00a0<b>pianoforte<\/b>\u00a0e della\u00a0<b>teoria dell\u2019interpretazione musicale<\/b>, le sue pubblicazioni sono molto note in tutta l\u2019America Latina. Docente di musicologia presso l\u2019Universit\u00e0 Autonoma di\u00a0<b>Barcellona<\/b>, ha realizzato conferenze, corsi e masterclass in oltre 150 universit\u00e0 e istituzioni di Europa, Asia e America. Da pianista si \u00e8 esibito a New York, Buenos Aires, Citt\u00e0 del Messico, San Paolo e numerose altre localit\u00e0.<\/p>\n<p class=\"x_MsoNormal\">A La Paz ha proposto brani di musica classica di vari autori ottocenteschi, tra cui\u00a0<b>Johannes Brahms, Fanny Mendelssohn-Hensel e Clara Wieck<\/b>, alternati a varie improvvisazioni musicali, accompagnati da\u00a0<b>testi recitati<\/b>\u00a0dallo stesso Maestro Chiantore, in uno stile melologo che \u00e8 stato apprezzato dal pubblico per la sua originalit\u00e0.<\/p>\n<p class=\"x_MsoNormal\">Il concerto ha rappresentato l\u2019occasione per ricordare i\u00a0<b>160 anni di relazioni diplomatiche tra <\/b><b>Italia e Bolivia<\/b>, che sono stati celebrati lo scorso maggio, cos\u00ec come sottolineato dall\u2019<b>Ambasciatore<\/b>\u00a0Fabio\u00a0<b>Messineo<\/b>, il quale ha ringraziato la presenza della\u00a0<b>Ministra degli Esteri boliviana<\/b>, Celinda\u00a0<b>Sosa<\/b>, unitamente ad altre autorit\u00e0 boliviane intervenute numerose all\u2019evento.<\/p>\n","protected":false},"excerpt":{"rendered":"In occasione del\u00a0tour in Bolivia\u00a0del\u00a0Maestro\u00a0Luca\u00a0Chiantore, il\u00a0Ministero degli Affari Esteri boliviano\u00a0e l\u2019Ambasciata d\u2019Italia in La Paz, in collaborazione con il\u00a0Conservatorio Plurinazionale di Musica e il Centro di Cultura tedesco, hanno organizzato un concerto del noto pianista italiano nel salone d\u2019onore\u00a0\u201cTiwanaku\u201d\u00a0della\u00a0\u201cCancilleria\u201d\u00a0boliviana. Il\u00a0Maestro Chiantore\u00a0\u00e8 ritenuto un\u2019autorit\u00e0 nello studio della storia del\u00a0pianoforte\u00a0e della\u00a0teoria dell\u2019interpretazione musicale, le sue pubblicazioni sono [&hellip;]","protected":false},"author":5,"featured_media":122575,"comment_status":"closed","ping_status":"closed","sticky":false,"template":"","format":"standard","meta":{"footnotes":""},"categories":[418],"tags":[398,32],"class_list":["post-122574","post","type-post","status-publish","format-standard","has-post-thumbnail","hentry","category-diplomazia-culturale","tag-america-latina-e-caraibi","tag-diplomazia-culturale"],"_links":{"self":[{"href":"https:\/\/www.esteri.it\/it\/wp-json\/wp\/v2\/posts\/122574","targetHints":{"allow":["GET"]}}],"collection":[{"href":"https:\/\/www.esteri.it\/it\/wp-json\/wp\/v2\/posts"}],"about":[{"href":"https:\/\/www.esteri.it\/it\/wp-json\/wp\/v2\/types\/post"}],"author":[{"embeddable":true,"href":"https:\/\/www.esteri.it\/it\/wp-json\/wp\/v2\/users\/5"}],"replies":[{"embeddable":true,"href":"https:\/\/www.esteri.it\/it\/wp-json\/wp\/v2\/comments?post=122574"}],"version-history":[{"count":1,"href":"https:\/\/www.esteri.it\/it\/wp-json\/wp\/v2\/posts\/122574\/revisions"}],"predecessor-version":[{"id":122577,"href":"https:\/\/www.esteri.it\/it\/wp-json\/wp\/v2\/posts\/122574\/revisions\/122577"}],"wp:featuredmedia":[{"embeddable":true,"href":"https:\/\/www.esteri.it\/it\/wp-json\/wp\/v2\/media\/122575"}],"wp:attachment":[{"href":"https:\/\/www.esteri.it\/it\/wp-json\/wp\/v2\/media?parent=122574"}],"wp:term":[{"taxonomy":"category","embeddable":true,"href":"https:\/\/www.esteri.it\/it\/wp-json\/wp\/v2\/categories?post=122574"},{"taxonomy":"post_tag","embeddable":true,"href":"https:\/\/www.esteri.it\/it\/wp-json\/wp\/v2\/tags?post=122574"}],"curies":[{"name":"wp","href":"https:\/\/api.w.org\/{rel}","templated":true}]}}