{"id":122766,"date":"2024-09-12T12:37:44","date_gmt":"2024-09-12T10:37:44","guid":{"rendered":"https:\/\/www.esteri.it\/?p=122766"},"modified":"2024-09-12T12:38:32","modified_gmt":"2024-09-12T10:38:32","slug":"praga-celebra-la-giornata-dello-sport-italiano","status":"publish","type":"post","link":"https:\/\/www.esteri.it\/it\/sala_stampa\/archivionotizie\/retediplomatica\/2024\/09\/praga-celebra-la-giornata-dello-sport-italiano\/","title":{"rendered":"Praga celebra la Giornata dello sport italiano"},"content":{"rendered":"<p>L&#8217;Ambasciata d&#8217;Italia a Praga organizza oggi nella sua sede la cerimonia di presentazione per la Repubblica Ceca della \u201cGiornata dello sport italiano nel mondo\u201d, l&#8217;iniziativa della rete esteri promossa dalla Farnesina in collaborazione con il Ministero della Salute e con il CONI, con &#8220;l&#8217;obiettivo di valorizzare attraverso lo sport e i suoi protagonisti le eccellenze, i distretti e le industrie italiane, anche in chiave di promozione delle grandi manifestazioni che si svolgeranno in Italia, a partire dalle Olimpiadi e Paralimpiadi invernali di Milano-Cortina 2026&#8221;.<\/p>\n<p>Le celebrazioni &#8211; ha spiegato l&#8217;ambasciata &#8211; saranno aperte dal saluto dell&#8217;ambasciatore d&#8217;Italia Mauro Marsili, cui seguiranno gli interventi della campionessa di tennis Andrea Sestini Hlav\u00e1\u010dkov\u00e1, vincitrice e finalista di diversi tornei del Grande Slam in doppio, di suo marito Fabrizio Sestini, tennista di successo nonch\u00e9 direttore delle WTA Finals Operations, del celebre calciatore Tomas Skuhravy e del leader della piattaforma sportiva RunCzech, Carlo Capalbo. In rappresentanza del governo &#8211; ha aggiunto l&#8217;ambasciata &#8211; interverr\u00e0 il Segretario di Stato all&#8217;Istruzione e allo Sport Ondrej Andrys. &#8220;La <em>Giornata dello sport italiano<\/em> &#8211; ha detto Marsili &#8211; rappresenta un&#8217;occasione unica per mettere<\/p>\n<p>in luce, attraverso lo sport e i suoi protagonisti, le eccellenze italiane e i distretti industriali che fanno del nostro Paese un punto di riferimento globale. La diplomazia sportiva \u00e8 infatti importante per promuovere le eccellenze italiane e sostenere l&#8217;internazionalizzazione delle imprese e delle filiere sportive. Durante la serata saranno premiati i vincitori cechi della Birell 10K Race, la competizione podistica tenutasi a Praga lo scorso 7 settembre sotto l&#8217;egida dell&#8217;Ambasciata e nel quadro della &#8220;Giornata dello sport italiano&#8221;. Sempre nell&#8217;ambito dell&#8217;iniziativa, fino alla fine di settembre sar\u00e0 possibile visitare nei locali dell&#8217;Istituto Italiano di Cultura di Praga (IIC) la mostra fotografica &#8220;Oltre i limiti. Ritratto corale di un Paese che cambia&#8221;, realizzata dalla Direzione generale per la promozione del sistema Paese del ministero, con M9 Museo del 900 &#8211; Fondazione Venezia.<\/p>\n<p>L&#8217;esposizione si compone di una selezione antologica di scatti che attraverso 7 sezioni tematiche restituisce un&#8217;immagine poliedrica dello sport come ambasciatore di valori universali quali l&#8217;amicizia tra i popoli e l&#8217;inclusivit\u00e0.<\/p>\n<p>Le celebrazioni continueranno il 21 e il 22 settembre a Brno, in Moravia, con l&#8217;allenatore della nazionale ceca di beach volley, attuale campione del mondo, l&#8217;italiano Andrea Tomatis che terr\u00e0 un training camp con competizione finale riservato a giovani promesse del volley. Il 28 settembre Tomatis si recher\u00e0 a Praga dove nel centro sportivo Pisecna coordiner\u00e0 una serie di allenamenti con esibizioni di volley e di padel. Domenica 22 settembre su iniziativa del COMITES della Repubblica Ceca \u00e8 previsto un incontro di calcio tra appassionati cechi e italiani che si sfideranno su di un campo praghese. Tutte le iniziative per la Giornata dello sport sono organizzate dall&#8217;Ambasciata con il contributo dell&#8217;IIC di Praga, della Camera di Commercio e dell&#8217;Industria Italo-Ceca e del Comites.<\/p>\n<p>&nbsp;<\/p>\n<p>&nbsp;<\/p>\n","protected":false},"excerpt":{"rendered":"L&#8217;Ambasciata d&#8217;Italia a Praga organizza oggi nella sua sede la cerimonia di presentazione per la Repubblica Ceca della \u201cGiornata dello sport italiano nel mondo\u201d, l&#8217;iniziativa della rete esteri promossa dalla Farnesina in collaborazione con il Ministero della Salute e con il CONI, con &#8220;l&#8217;obiettivo di valorizzare attraverso lo sport e i suoi protagonisti le eccellenze, [&hellip;]","protected":false},"author":3,"featured_media":122767,"comment_status":"closed","ping_status":"closed","sticky":false,"template":"","format":"standard","meta":{"footnotes":""},"categories":[20],"tags":[408,9],"class_list":["post-122766","post","type-post","status-publish","format-standard","has-post-thumbnail","hentry","category-retediplomatica","tag-diplomazia-dello-sport","tag-europa"],"_links":{"self":[{"href":"https:\/\/www.esteri.it\/it\/wp-json\/wp\/v2\/posts\/122766","targetHints":{"allow":["GET"]}}],"collection":[{"href":"https:\/\/www.esteri.it\/it\/wp-json\/wp\/v2\/posts"}],"about":[{"href":"https:\/\/www.esteri.it\/it\/wp-json\/wp\/v2\/types\/post"}],"author":[{"embeddable":true,"href":"https:\/\/www.esteri.it\/it\/wp-json\/wp\/v2\/users\/3"}],"replies":[{"embeddable":true,"href":"https:\/\/www.esteri.it\/it\/wp-json\/wp\/v2\/comments?post=122766"}],"version-history":[{"count":2,"href":"https:\/\/www.esteri.it\/it\/wp-json\/wp\/v2\/posts\/122766\/revisions"}],"predecessor-version":[{"id":122769,"href":"https:\/\/www.esteri.it\/it\/wp-json\/wp\/v2\/posts\/122766\/revisions\/122769"}],"wp:featuredmedia":[{"embeddable":true,"href":"https:\/\/www.esteri.it\/it\/wp-json\/wp\/v2\/media\/122767"}],"wp:attachment":[{"href":"https:\/\/www.esteri.it\/it\/wp-json\/wp\/v2\/media?parent=122766"}],"wp:term":[{"taxonomy":"category","embeddable":true,"href":"https:\/\/www.esteri.it\/it\/wp-json\/wp\/v2\/categories?post=122766"},{"taxonomy":"post_tag","embeddable":true,"href":"https:\/\/www.esteri.it\/it\/wp-json\/wp\/v2\/tags?post=122766"}],"curies":[{"name":"wp","href":"https:\/\/api.w.org\/{rel}","templated":true}]}}