{"id":1246,"date":"2021-01-14T10:11:23","date_gmt":"2021-01-14T09:11:23","guid":{"rendered":"https:\/\/www.esteri.it\/sala_stampa\/archivionotizie\/comunicati\/2021\/01\/nota-farnesina_3\/"},"modified":"2021-01-14T10:11:23","modified_gmt":"2021-01-14T09:11:23","slug":"nota-farnesina_3","status":"publish","type":"post","link":"https:\/\/www.esteri.it\/it\/sala_stampa\/archivionotizie\/comunicati\/2021\/01\/nota-farnesina_3\/","title":{"rendered":"Nota Farnesina"},"content":{"rendered":"<div>Il Ministro degli Affari Esteri e della Cooperazione Internazionale Luigi Di Maio ha attribuito all\u2019Ambasciatore Pasquale Ferrara l\u2019incarico di \u201cInviato Speciale del Ministro per la Libia\u201d.<\/div>\n<div>L\u2019Inviato Speciale rappresenter\u00e0 l\u2019Italia e ne garantir\u00e0 la piena partecipazione a tutte le iniziative multilaterali a sostegno del processo politico libico, in linea con il nostro tradizionale impegno a favore della pace e della stabilit\u00e0 nel Paese. L&#8217;Ambasciatore Ferrara avr\u00e0, altres\u00ec, il compito di sviluppare gli opportuni contatti con i principali attori locali e internazionali maggiormente attivi nel Paese. Egli promuover\u00e0, infine, la riflessione strategica sia in Italia che con esperti internazionali sulle prospettive della stabilizzazione della Libia anche nel quadro Nordafricano.<\/div>\n","protected":false},"excerpt":{"rendered":"Il Ministro degli Affari Esteri e della Cooperazione Internazionale Luigi Di Maio ha attribuito all\u2019Ambasciatore Pasquale Ferrara l\u2019incarico di \u201cInviato Speciale del Ministro per la Libia\u201d. L\u2019Inviato Speciale rappresenter\u00e0 l\u2019Italia e ne garantir\u00e0 la piena partecipazione a tutte le iniziative multilaterali a sostegno del processo politico libico, in linea con il nostro tradizionale impegno a [&hellip;]","protected":false},"author":1,"featured_media":0,"comment_status":"","ping_status":"","sticky":false,"template":"","format":"standard","meta":{"footnotes":""},"categories":[1],"tags":[6,76],"class_list":["post-1246","post","type-post","status-publish","format-standard","hentry","category-comunicati","tag-mediterraneo-e-medio-oriente","tag-ministri-precedenti"],"_links":{"self":[{"href":"https:\/\/www.esteri.it\/it\/wp-json\/wp\/v2\/posts\/1246","targetHints":{"allow":["GET"]}}],"collection":[{"href":"https:\/\/www.esteri.it\/it\/wp-json\/wp\/v2\/posts"}],"about":[{"href":"https:\/\/www.esteri.it\/it\/wp-json\/wp\/v2\/types\/post"}],"author":[{"embeddable":true,"href":"https:\/\/www.esteri.it\/it\/wp-json\/wp\/v2\/users\/1"}],"replies":[{"embeddable":true,"href":"https:\/\/www.esteri.it\/it\/wp-json\/wp\/v2\/comments?post=1246"}],"version-history":[{"count":0,"href":"https:\/\/www.esteri.it\/it\/wp-json\/wp\/v2\/posts\/1246\/revisions"}],"wp:attachment":[{"href":"https:\/\/www.esteri.it\/it\/wp-json\/wp\/v2\/media?parent=1246"}],"wp:term":[{"taxonomy":"category","embeddable":true,"href":"https:\/\/www.esteri.it\/it\/wp-json\/wp\/v2\/categories?post=1246"},{"taxonomy":"post_tag","embeddable":true,"href":"https:\/\/www.esteri.it\/it\/wp-json\/wp\/v2\/tags?post=1246"}],"curies":[{"name":"wp","href":"https:\/\/api.w.org\/{rel}","templated":true}]}}