{"id":131000,"date":"2025-02-03T08:17:38","date_gmt":"2025-02-03T07:17:38","guid":{"rendered":"https:\/\/www.esteri.it\/?p=131000"},"modified":"2025-02-03T09:28:14","modified_gmt":"2025-02-03T08:28:14","slug":"dichiarazione-dei-ministri-degli-esteri-g7-sullescalation-di-violenza-nella-parte-orientale-della-repubblica-democratica-del-congo","status":"publish","type":"post","link":"https:\/\/www.esteri.it\/it\/sala_stampa\/archivionotizie\/comunicati\/2025\/02\/dichiarazione-dei-ministri-degli-esteri-g7-sullescalation-di-violenza-nella-parte-orientale-della-repubblica-democratica-del-congo\/","title":{"rendered":"Dichiarazione dei Ministri degli Esteri G7 sull\u2019escalation di violenza nella parte orientale della Repubblica Democratica del Congo"},"content":{"rendered":"<p><em>Traduzione di cortesia. Per la versione originale in lingua inglese clicca\u00a0<a href=\"https:\/\/www.esteri.it\/en\/sala_stampa\/archivionotizie\/comunicati\/2025\/02\/dichiarazione-dei-ministri-degli-esteri-g7-sullescalation-di-violenza-nella-parte-orientale-della-repubblica-democratica-del-congo\/\">qui<\/a>.<\/em><\/p>\n<p>&nbsp;<\/p>\n<p>1 febbraio 2025 &#8211; Ottawa, Ontario \u2013 <em>Global Affairs Canada<\/em><\/p>\n<p>\u201cNoi, Ministri degli Esteri del G7 di Canada, Francia, Germania, Italia, Giappone, Regno Unito e Stati Uniti d&#8217;America e l&#8217;Alto Rappresentante dell&#8217;Unione Europea, condanniamo con fermezza l&#8217;offensiva dell&#8217;M23 sostenuta dal Ruanda nella parte orientale della Repubblica Democratica del Congo e, in particolare, la presa di Minova, Sak\u00e9 e Goma. Esortiamo l&#8217;M23 e la Forza di Difesa del Ruanda (RDF) a cessare la loro offensiva in tutte le direzioni. Chiediamo l&#8217;urgente protezione dei civili.<\/p>\n<p>Chiediamo inoltre di porre fine ad ogni sostegno diretto e indiretto all&#8217;M23 e a tutti i gruppi armati non statali della RDC. Questa offensiva costituisce flagrante disprezzo per la sovranit\u00e0 e l&#8217;integrit\u00e0 territoriale della RDC. Condanniamo anche l&#8217;intenzione dell&#8217;M23 di continuare l&#8217;espansione nella provincia del Kivu Sud.<\/p>\n<p>Quest&#8217;ultima offensiva dell&#8217;M23 ha portato a un drammatico aumento degli sfollati civili a Goma e in tutta la RDC orientale, che si aggiunge allo sfollamento di centinaia di migliaia di persone dall&#8217;inizio dell&#8217;offensiva dell&#8217;M23 a gennaio. Deploriamo le conseguenze devastanti della nuova offensiva dell&#8217;M23 e dell&#8217;RDF, che peggiorano le gi\u00e0 difficili condizioni umanitarie.<\/p>\n<p>I Ministri degli Esteri del G7 chiedono un passaggio rapido, sicuro e senza ostacoli dei soccorsi umanitari per i civili e ribadiscono che al personale umanitario devono essere fornite garanzie di sicurezza.<\/p>\n<p>Chiediamo a tutte le parti di tornare al tavolo dei negoziati e di rispettare gli impegni assunti nell&#8217;ambito del processo di Luanda. Chiediamo all&#8217;M23 di ritirarsi da tutte le aree controllate. Chiediamo altres\u00ec a tutte le parti di impegnarsi appieno per una risoluzione pacifica e negoziata del conflitto.<\/p>\n<p>Ribadiamo il nostro pieno sostegno alla Missione di stabilizzazione dell&#8217;Organizzazione delle Nazioni Unite nella RDC (MONUSCO) per proteggere i civili e stabilizzare la regione e chiediamo a tutte le parti di rispettare il suo mandato.<\/p>\n<p>Gli attacchi nei confronti del personale delle missioni di <em>peacekeeping<\/em> sono assolutamente inaccettabili. Estendiamo le nostre pi\u00f9 sentite condoglianze alle famiglie dei caduti della MONUSCO e della Missione della Comunit\u00e0 per lo Sviluppo dell&#8217;Africa Meridionale nella Repubblica Democratica del Congo (SAMIDRC).<\/p>\n<p>Condanniamo con fermezza tutti gli attacchi nei confronti delle rappresentanze diplomatiche a Kinshasa. Chiediamo alle autorit\u00e0 congolesi di adottare tutte le misure appropriate per proteggere il personale diplomatico e le sedi delle rappresentanze diplomatiche, come \u00e8 loro responsabilit\u00e0 in conformit\u00e0 con il diritto internazionale.\u201d<\/p>\n","protected":false},"excerpt":{"rendered":"Traduzione di cortesia. Per la versione originale in lingua inglese clicca\u00a0qui. &nbsp; 1 febbraio 2025 &#8211; Ottawa, Ontario \u2013 Global Affairs Canada \u201cNoi, Ministri degli Esteri del G7 di Canada, Francia, Germania, Italia, Giappone, Regno Unito e Stati Uniti d&#8217;America e l&#8217;Alto Rappresentante dell&#8217;Unione Europea, condanniamo con fermezza l&#8217;offensiva dell&#8217;M23 sostenuta dal Ruanda nella parte [&hellip;]","protected":false},"author":3,"featured_media":0,"comment_status":"closed","ping_status":"closed","sticky":false,"template":"","format":"standard","meta":{"footnotes":""},"categories":[1],"tags":[31,28,26],"class_list":["post-131000","post","type-post","status-publish","format-standard","hentry","category-comunicati","tag-africa","tag-ministro","tag-onu"],"_links":{"self":[{"href":"https:\/\/www.esteri.it\/it\/wp-json\/wp\/v2\/posts\/131000","targetHints":{"allow":["GET"]}}],"collection":[{"href":"https:\/\/www.esteri.it\/it\/wp-json\/wp\/v2\/posts"}],"about":[{"href":"https:\/\/www.esteri.it\/it\/wp-json\/wp\/v2\/types\/post"}],"author":[{"embeddable":true,"href":"https:\/\/www.esteri.it\/it\/wp-json\/wp\/v2\/users\/3"}],"replies":[{"embeddable":true,"href":"https:\/\/www.esteri.it\/it\/wp-json\/wp\/v2\/comments?post=131000"}],"version-history":[{"count":4,"href":"https:\/\/www.esteri.it\/it\/wp-json\/wp\/v2\/posts\/131000\/revisions"}],"predecessor-version":[{"id":131016,"href":"https:\/\/www.esteri.it\/it\/wp-json\/wp\/v2\/posts\/131000\/revisions\/131016"}],"wp:attachment":[{"href":"https:\/\/www.esteri.it\/it\/wp-json\/wp\/v2\/media?parent=131000"}],"wp:term":[{"taxonomy":"category","embeddable":true,"href":"https:\/\/www.esteri.it\/it\/wp-json\/wp\/v2\/categories?post=131000"},{"taxonomy":"post_tag","embeddable":true,"href":"https:\/\/www.esteri.it\/it\/wp-json\/wp\/v2\/tags?post=131000"}],"curies":[{"name":"wp","href":"https:\/\/api.w.org\/{rel}","templated":true}]}}