{"id":132957,"date":"2025-03-06T10:54:56","date_gmt":"2025-03-06T09:54:56","guid":{"rendered":"https:\/\/www.esteri.it\/?p=132957"},"modified":"2025-03-06T10:54:56","modified_gmt":"2025-03-06T09:54:56","slug":"nomina-di-cinque-nuovi-giusti-della-farnesina","status":"publish","type":"post","link":"https:\/\/www.esteri.it\/it\/sala_stampa\/archivionotizie\/comunicati\/2025\/03\/nomina-di-cinque-nuovi-giusti-della-farnesina\/","title":{"rendered":"Nomina di cinque nuovi \u201cGiusti della Farnesina\u201d"},"content":{"rendered":"<p>In occasione della Giornata Europea dei Giusti che si celebra ogni anno il 6 marzo, il Ministero degli Affari Esteri e della Cooperazione Internazionale e la Fondazione Gariwo annunciano la nomina di cinque nuovi \u201cGiusti della Farnesina\u201d.<\/p>\n<p>Una Commissione del Ministero degli Affari Esteri e della Cooperazione Internazionale ha il compito di individuare quei diplomatici che hanno compiuto azioni straordinarie di carattere umanitario salvando vite umane in diversi momenti critici della nostra storia recente.<\/p>\n<p>I nuovi &#8220;Giusti della Farnesina&#8221; sono: Francesco Babuscio Rizzo, Piero De Masi, Giorgio Giacomelli, Vito Positano e Tito Spoglia, che si aggiungono ai primi nove nominati nel 2024.<\/p>\n<p>L\u2019Ambasciatore Francesco Babuscio Rizzo si distinse durante il difficile periodo fra le due guerre mondiali. Come Incaricato d\u2019Affari presso la Santa Sede fra il 1943 ed il 1944 contribu\u00ec, con le autorit\u00e0 vaticane, a salvare centinaia di vite fra esuli e perseguitati, nel periodo di occupazione nazi-fascista di Roma.<\/p>\n<p>Il Ministro Plenipotenziario Piero De Masi, noto per il suo intervento a Santiago del Cile nel 1973, trasform\u00f2 l\u2019Ambasciata italiana in un rifugio sicuro, proteggendo con coraggio e sensibilit\u00e0 oppositori politici e ordinari cittadini cileni.<\/p>\n<p>L\u2019Ambasciatore Giorgio Giacomelli, nel 1964, durante il turbolento scenario della crisi in Congo, organizz\u00f2 con straordinaria prontezza missioni di soccorso per salvare numerose vite in pericolo.<\/p>\n<p>Il Console Vito Positano, durante la guerra di liberazione dagli ottomani a Sofia nel 1877, fronteggi\u00f2 la minaccia di saccheggio e distruzione e guid\u00f2 la popolazione verso la salvezza. La sua audacia ispir\u00f2 un\u2019intera citt\u00e0, che gli confer\u00ec onori e riconoscimenti.<\/p>\n<p>L\u2019Addetto Tito Spoglia fu protagonista di un atto eroico: in Congo, nel mezzo di una rivolta, il giovane diplomatico sacrific\u00f2 la propria vita nel 1960 nel tentativo di salvare connazionali e colleghi.<\/p>\n<p>Questi cinque nominativi entreranno a far parte del \u201cGiardino dei Giusti della Farnesina\u201d, istituito nel 2024 e frutto della collaborazione tra la Fondazione Gariwo \u2013 che \u00e8 impegnata nella valorizzazione delle storie dei Giusti dell\u2019umanit\u00e0 e che ha creato in Italia e nel mondo pi\u00f9 di 300 Giardini dei Giusti \u2013, il Ministero degli Affari Esteri e della Cooperazione Internazionale e Roma Capitale. Il Giardino \u00e8 situato di fronte al Ministero degli Affari Esteri e della Cooperazione Internazionale, proprio nel Viale dei Giusti della Farnesina.<\/p>\n<p>Con la nomina dei nuovi \u201cGiusti della Farnesina\u201d si celebra oggi, 6 marzo, anniversario della Giornata dei Giusti dell\u2019Umanit\u00e0 e solennit\u00e0 civile in Italia dal 2017, non solo il ricordo di alcuni grandi diplomatici, ma anche l\u2019impegno costante del Ministero degli Affari Esteri e della Cooperazione Internazionale nella difesa dei diritti umani e della dignit\u00e0, valori che rendono possibile un mondo pi\u00f9 responsabile, tollerante e solidale.<\/p>\n<p>&nbsp;<\/p>\n","protected":false},"excerpt":{"rendered":"In occasione della Giornata Europea dei Giusti che si celebra ogni anno il 6 marzo, il Ministero degli Affari Esteri e della Cooperazione Internazionale e la Fondazione Gariwo annunciano la nomina di cinque nuovi \u201cGiusti della Farnesina\u201d. Una Commissione del Ministero degli Affari Esteri e della Cooperazione Internazionale ha il compito di individuare quei diplomatici [&hellip;]","protected":false},"author":3,"featured_media":0,"comment_status":"closed","ping_status":"closed","sticky":false,"template":"","format":"standard","meta":{"footnotes":""},"categories":[1],"tags":[43,25],"class_list":["post-132957","post","type-post","status-publish","format-standard","hentry","category-comunicati","tag-diritti-umani","tag-farnesina"],"_links":{"self":[{"href":"https:\/\/www.esteri.it\/it\/wp-json\/wp\/v2\/posts\/132957","targetHints":{"allow":["GET"]}}],"collection":[{"href":"https:\/\/www.esteri.it\/it\/wp-json\/wp\/v2\/posts"}],"about":[{"href":"https:\/\/www.esteri.it\/it\/wp-json\/wp\/v2\/types\/post"}],"author":[{"embeddable":true,"href":"https:\/\/www.esteri.it\/it\/wp-json\/wp\/v2\/users\/3"}],"replies":[{"embeddable":true,"href":"https:\/\/www.esteri.it\/it\/wp-json\/wp\/v2\/comments?post=132957"}],"version-history":[{"count":1,"href":"https:\/\/www.esteri.it\/it\/wp-json\/wp\/v2\/posts\/132957\/revisions"}],"predecessor-version":[{"id":132958,"href":"https:\/\/www.esteri.it\/it\/wp-json\/wp\/v2\/posts\/132957\/revisions\/132958"}],"wp:attachment":[{"href":"https:\/\/www.esteri.it\/it\/wp-json\/wp\/v2\/media?parent=132957"}],"wp:term":[{"taxonomy":"category","embeddable":true,"href":"https:\/\/www.esteri.it\/it\/wp-json\/wp\/v2\/categories?post=132957"},{"taxonomy":"post_tag","embeddable":true,"href":"https:\/\/www.esteri.it\/it\/wp-json\/wp\/v2\/tags?post=132957"}],"curies":[{"name":"wp","href":"https:\/\/api.w.org\/{rel}","templated":true}]}}