{"id":133986,"date":"2025-03-27T10:30:38","date_gmt":"2025-03-27T09:30:38","guid":{"rendered":"https:\/\/www.esteri.it\/?p=133986"},"modified":"2025-03-27T10:30:38","modified_gmt":"2025-03-27T09:30:38","slug":"santa-sede-giubileo-e-turismo-delle-radici","status":"publish","type":"post","link":"https:\/\/www.esteri.it\/it\/sala_stampa\/archivionotizie\/retediplomatica\/2025\/03\/santa-sede-giubileo-e-turismo-delle-radici\/","title":{"rendered":"Santa Sede, Giubileo e Turismo delle Radici"},"content":{"rendered":"<p>Si \u00e8 svolto ieri, 26 marzo, a Palazzo Borromeo l\u2019evento \u201c<strong>Giubileo 2025 e Turismo delle Radici. Sinergie ed opportunit\u00e0 per la riscoperta e la valorizzazione dei territori<\/strong>\u201d, organizzato dall\u2019<strong>Ambasciata d\u2019Italia presso la Santa Sede<\/strong> in raccordo con la <strong>Direzione Generale per gli Italiani all\u2019Estero e le Politiche Migratorie<\/strong> della Farnesina, guidata dal<strong> Min. Plen. Luigi Maria Vignali<\/strong>, per riflettere sulle opportunit\u00e0 che l\u2019Anno Santo offre per tutto il territorio italiano, in particolare con riferimento al progetto del \u201c<strong>Turismo delle Radici<\/strong>\u201d, voluto fortemente dal Ministro degli Affari Esteri e della Cooperazione Internazionale, Antonio Tajani.<\/p>\n<p>L\u2019attenzione della Farnesina per far conoscere e riscoprire agli italiani all\u2019estero e alle comunit\u00e0 di italo-discendenti il nostro territorio e i nostri fattori identitari \u00e8 stata evidenziata negli interventi di <strong>Antonio Corsi<\/strong>, Consigliere del Ministro Tajani per le attivit\u00e0 di promozione delle tradizioni culturali e musicali delle comunit\u00e0 italiane all&#8217;estero nonch\u00e9 Sindaco di Sgurgola, e <strong>Gianluigi Tombolini, <\/strong>Consigliere per le attivit\u00e0 di valorizzazione del turismo nei territori e Sindaco di Numana.<\/p>\n<p>Sono intervenuti, per la <strong>Santa Sede<\/strong> Mons. Graziano Borgonovo, Sottosegretario del Dicastero per l\u2019Evangelizzazione, e per la <strong>Conferenza Episcopale Italiana<\/strong> il Sottosegretario e Direttore dell\u2019Ufficio per la pastorale del tempo libero, turismo e sport, <strong>Don Michele Gianola<\/strong>. A rappresentare il territorio nazionale, da Nord a Sud, portando differenti esperienze di valorizzazione territoriale e illustrando l\u2019esperienza del \u201cTurismo delle Radici\u201d in vari contesti geografici sono stati: l\u2019Assessore della Regione <strong>Marche<\/strong> Andrea Maria Antonini; Agostino Miozzo, Consigliere del Presidente della Regione <strong>Calabria<\/strong> e Commissario per l\u2019accoglienza del Giubileo 2025; i Sindaci di <strong>Aquileia<\/strong>, Emanuele Zorino, <strong>Caramanico Terme<\/strong>, Franco Parone, <strong>San Romano in Garfagnana<\/strong>, Raffaella Mariani, e <strong>Sant\u2019Angelo dei Lombardi<\/strong>, Rosanna Repole.<\/p>\n<p>L\u2019evento \u00e8 stato moderato dalla giornalista vaticanista ANSA, <strong>Manuela Tulli<\/strong>.<\/p>\n<p>&nbsp;<\/p>\n","protected":false},"excerpt":{"rendered":"Si \u00e8 svolto ieri, 26 marzo, a Palazzo Borromeo l\u2019evento \u201cGiubileo 2025 e Turismo delle Radici. Sinergie ed opportunit\u00e0 per la riscoperta e la valorizzazione dei territori\u201d, organizzato dall\u2019Ambasciata d\u2019Italia presso la Santa Sede in raccordo con la Direzione Generale per gli Italiani all\u2019Estero e le Politiche Migratorie della Farnesina, guidata dal Min. Plen. Luigi [&hellip;]","protected":false},"author":3,"featured_media":133987,"comment_status":"closed","ping_status":"closed","sticky":false,"template":"","format":"standard","meta":{"footnotes":""},"categories":[20],"tags":[9,7],"class_list":["post-133986","post","type-post","status-publish","format-standard","has-post-thumbnail","hentry","category-retediplomatica","tag-europa","tag-italiani-nel-mondo"],"_links":{"self":[{"href":"https:\/\/www.esteri.it\/it\/wp-json\/wp\/v2\/posts\/133986","targetHints":{"allow":["GET"]}}],"collection":[{"href":"https:\/\/www.esteri.it\/it\/wp-json\/wp\/v2\/posts"}],"about":[{"href":"https:\/\/www.esteri.it\/it\/wp-json\/wp\/v2\/types\/post"}],"author":[{"embeddable":true,"href":"https:\/\/www.esteri.it\/it\/wp-json\/wp\/v2\/users\/3"}],"replies":[{"embeddable":true,"href":"https:\/\/www.esteri.it\/it\/wp-json\/wp\/v2\/comments?post=133986"}],"version-history":[{"count":1,"href":"https:\/\/www.esteri.it\/it\/wp-json\/wp\/v2\/posts\/133986\/revisions"}],"predecessor-version":[{"id":133994,"href":"https:\/\/www.esteri.it\/it\/wp-json\/wp\/v2\/posts\/133986\/revisions\/133994"}],"wp:featuredmedia":[{"embeddable":true,"href":"https:\/\/www.esteri.it\/it\/wp-json\/wp\/v2\/media\/133987"}],"wp:attachment":[{"href":"https:\/\/www.esteri.it\/it\/wp-json\/wp\/v2\/media?parent=133986"}],"wp:term":[{"taxonomy":"category","embeddable":true,"href":"https:\/\/www.esteri.it\/it\/wp-json\/wp\/v2\/categories?post=133986"},{"taxonomy":"post_tag","embeddable":true,"href":"https:\/\/www.esteri.it\/it\/wp-json\/wp\/v2\/tags?post=133986"}],"curies":[{"name":"wp","href":"https:\/\/api.w.org\/{rel}","templated":true}]}}