{"id":13543,"date":"2014-04-03T11:30:02","date_gmt":"2014-04-03T09:30:02","guid":{"rendered":"https:\/\/www.esteri.it\/sala_stampa\/archivionotizie\/comunicati\/2014\/04\/20140403_venezuela_mog\/"},"modified":"2014-04-03T11:30:02","modified_gmt":"2014-04-03T09:30:02","slug":"20140403_venezuela_mog","status":"publish","type":"post","link":"https:\/\/www.esteri.it\/it\/sala_stampa\/archivionotizie\/approfondimenti\/2014\/04\/20140403_venezuela_mog\/","title":{"rendered":"Venezuela: Mogherini, sosteniamo sforzi dialogo &#8211; Sottosegretario Giro a Caracas, obiettivo protezione collettivita\u2019 italiana"},"content":{"rendered":"<p><P>&#8220;Sosteniamo con grande convinzione lo sforzo delle organizzazioni dell&#8217;America latina per cercare di avviare un dialogo costruttivo tra governo e opposizione. La situazione che c&#8217;\u00e8 in questo momento in Venezuela deve assolutamente finire&#8221;. Lo ha detto il MinistroFederica Mogherini, annunciando che il sottosegretario Mario Giro \u00e8 in queste ore in Venezuela per seguire &#8220;con estrema attenzione cosa succede&#8221; e per incontrare la comunit\u00e0 italiana. La titolare della Farnesina ha poi ricordato di aver incontrato nei giorni scorsi l&#8217;ambasciatore di Caracas a Roma per &#8220;presentargli la nostra preoccupazione non solo per gli italiani, ma per il corso che stanno prendendo gli eventi&#8221;. <\/P><br \/>\n<P><STRONG>La presenza italiana<\/STRONG><\/P><br \/>\n<P>Il Venezuela e\u2019 tra i Paesi dell\u2019America Latina dove rilevante e\u2019 la presenza di italiani approdata nel corso degli anni che hanno contribuito alla crescita della nazione di Simon Bolivar. Giunti in Venezuela principalmente negli anni &#8217;50, gli italianisi sono affermati con una nutrita comunita\u2019 distribuita un po&#8217; dappertutto, presente tra l&#8217;altro in diversi settori economici, per esempio plastica, macchinari, mobilifici, calzature, metalmeccanica: tutte aree dove gli immigrati, e i loro figli e nipoti, hanno investito e lavorato sodo. Presenza d&#8217;altra parte considerevole anche nella ristorazione, dalle piccole pizzerie ai grandi ristoranti. Nella comunita&#8217; locale degli affari non mancano inoltre importanti imprenditori di origine italiana. Secondo il censimento fatto per esempio nel 1881, i connazionali registrati erano 3.237 (su una popolazione totale di 2 milioni di persone). Nella &#8216;grande Caracas&#8217;, e in altre aree della capitale, gli italiani registrati sono oggi circa 120 mila, ventimila a Maracaibo. Il Paese attraverso una grave crisi economica:l&#8217;inflazione e\u2019 alle stelle, superando il 56,2%, la crescita del Prodotto interno lordo (Pil) \u00e8 caduta e la produzione di petrolio ha toccato il livello pi\u00f9 basso dell&#8217;ultimo decennio.<\/P><br \/>\n<P><STRONG>Sottosegretario Giro a Caracas<\/STRONG><\/P><br \/>\n<P>Con l\u2019obiettivo di assicurare protezione alla collettivita\u2019 italiana e preparare i lavori della Commissione bi-nazionale Italia-Venezuela,il Sottosegretario Giro e\u2019 a Caracas Giro incontrer\u00e0 la collettivit\u00e0 italiana per acquisire maggiori informazioni sul quadro di sicurezza e avr\u00e0 colloqui con autorit\u00e0 e forze politiche venezuelane per sostenere l\u2019azione di dialogo portata avanti nell\u2019ambito UNASUR. \u201cSiamo preoccupati per il disordine e la violenza&#8221;, ha dichiarato il Sottosegretario Giro. &#8220;In questa cornice, la protezione della nostra collettivit\u00e0 \u00e8 un obiettivo prioritario dell&#8217;Italia, che far\u00e0 tutto il possibile per favorire il dialogo tra governo ed opposizione, come raccomandato dal Presidente Napolitano al Presidente Maduro lo scorso giugno e in linea con la posizione dell\u2019Alto Rappresentante UE Catherine Ashton. In base a questa impostazione, abbiamo preso nota con interesse della proposta di mediazione internazionale garantita dal Segretario di Stato Vaticano Parolin\u201d.<\/P><br \/>\n<P><STRONG>La preoccupazione dell\u2019UE<\/STRONG><\/P><br \/>\n<P>Nella presa di posizione del capo della diplomazia Ue oltre a sostenere gli \u201cgli sforzi regionali per portare tutte le parti delVenezuela, ad un tavolo, per mettere uno stop immediato a violenza e disordini\u2019\u2019 si \u2018\u2019condannano l&#8217;intolleranza e l&#8217;uso della violenza da tutte le parti\u2019\u2019 e si esprime \u2018\u2019preoccupazione\u2019\u2019 di fronte a notizie di \u201cun presunto uso eccessivo e sproporzionato della forza da parte delle forze di sicurezza\u2019\u2019. A giudizio del capo della diplomazia Ue \u201cspetta alle autorit\u00e0 garantire che tutti i cittadini possano esercitare il loro diritto alla libert\u00e0 di espressione, associazione e riunione e ci uniamo l&#8217;Alto Commissario Onu per i diritti umani nel ricordare che il governo deve garantire che le forze dell&#8217;ordine agiscano in linea con le norme internazionali\u201d.<\/P><\/p>\n","protected":false},"excerpt":{"rendered":"&#8220;Sosteniamo con grande convinzione lo sforzo delle organizzazioni dell&#8217;America latina per cercare di avviare un dialogo costruttivo tra governo e opposizione. La situazione che c&#8217;\u00e8 in questo momento in Venezuela deve assolutamente finire&#8221;. Lo ha detto il MinistroFederica Mogherini, annunciando che il sottosegretario Mario Giro \u00e8 in queste ore in Venezuela per seguire &#8220;con estrema [&hellip;]","protected":false},"author":1,"featured_media":0,"comment_status":"","ping_status":"","sticky":false,"template":"","format":"standard","meta":{"footnotes":""},"categories":[2],"tags":[398,76,42],"class_list":["post-13543","post","type-post","status-publish","format-standard","hentry","category-approfondimenti","tag-america-latina-e-caraibi","tag-ministri-precedenti","tag-unione-europea"],"_links":{"self":[{"href":"https:\/\/www.esteri.it\/it\/wp-json\/wp\/v2\/posts\/13543","targetHints":{"allow":["GET"]}}],"collection":[{"href":"https:\/\/www.esteri.it\/it\/wp-json\/wp\/v2\/posts"}],"about":[{"href":"https:\/\/www.esteri.it\/it\/wp-json\/wp\/v2\/types\/post"}],"author":[{"embeddable":true,"href":"https:\/\/www.esteri.it\/it\/wp-json\/wp\/v2\/users\/1"}],"replies":[{"embeddable":true,"href":"https:\/\/www.esteri.it\/it\/wp-json\/wp\/v2\/comments?post=13543"}],"version-history":[{"count":0,"href":"https:\/\/www.esteri.it\/it\/wp-json\/wp\/v2\/posts\/13543\/revisions"}],"wp:attachment":[{"href":"https:\/\/www.esteri.it\/it\/wp-json\/wp\/v2\/media?parent=13543"}],"wp:term":[{"taxonomy":"category","embeddable":true,"href":"https:\/\/www.esteri.it\/it\/wp-json\/wp\/v2\/categories?post=13543"},{"taxonomy":"post_tag","embeddable":true,"href":"https:\/\/www.esteri.it\/it\/wp-json\/wp\/v2\/tags?post=13543"}],"curies":[{"name":"wp","href":"https:\/\/api.w.org\/{rel}","templated":true}]}}