{"id":135462,"date":"2025-04-25T14:11:04","date_gmt":"2025-04-25T12:11:04","guid":{"rendered":"https:\/\/www.esteri.it\/?p=135462"},"modified":"2025-04-25T14:11:04","modified_gmt":"2025-04-25T12:11:04","slug":"selezione-della-documentazione-della-farnesina-in-occasione-della-festa-della-liberazione","status":"publish","type":"post","link":"https:\/\/www.esteri.it\/it\/sala_stampa\/archivionotizie\/diplomazia-culturale\/2025\/04\/selezione-della-documentazione-della-farnesina-in-occasione-della-festa-della-liberazione\/","title":{"rendered":"Selezione della documentazione della Farnesina in occasione della Festa della Liberazione"},"content":{"rendered":"<p>Ottanta anni fa il Comitato di Liberazione Nazionale Alta Italia (CLNAI) proclamava l\u2019insurrezione generale in tutti i territori ancora occupati dai nazifascisti. Cominci\u00f2 allora la ritirata dei tedeschi e dei soldati della Repubblica di Sal\u00f2 dalle citt\u00e0 del Nord Italia, che avrebbe portato alla totale liberazione del territorio italiano, dopo le sconfitte cruciali inferte dalle Nazioni Unite con il sacrificio di decine di migliaia di soldati americani, britannici, polacchi, brasiliani, francesi e degli altri Paesi alleati.<\/p>\n<p>Fra i documenti che abbiamo selezionato per voi, il decreto del 22 aprile 1946 che stabiliva la festivit\u00e0 del 25 aprile, conservato presso la Biblioteca del MAECI, e una serie di documenti dell\u2019Archivio Riservato 1943-1947: un telegramma del Ministro degli Affari Esteri Alcide De Gasperi del 30 aprile che annunciava alle Ambasciate di Londra, Parigi e Washington la ritirata del nemico a seguito della generale insurrezione dell\u2019Alta Italia ed esortava i Capimissione a sottolineare, presso i governi dei rispettivi Paesi, il grande sacrificio della popolazione italiana per la causa comune della sconfitta del nazi-fascismo; un ritaglio stampa con un appello di De Gasperi ai compatrioti del Nord; un resoconto dell\u2019incontro fra il Presidente del Consiglio Bonomi, accompagnato dallo stesso De Gasperi, e il maresciallo britannico Harold Alexander, comandante delle forze alleate in Italia e nel Mediterraneo, avvenuto a Caserta il 4 maggio 1945.<\/p>\n<p>Infine, alcuni documenti che testimoniano il forte spirito di collaborazione tra l\u2019Italia e gli Alleati nella liberazione della penisola dall\u2019occupazione tedesca. Tra questi: un articolo dell\u2019Observer del 2 luglio 1944, in cui viene riportato il notevole apprezzamento del generale britannico Alexander sul contributo della popolazione civile italiana alla liberazione della penisola; un messaggio del Primo Ministro britannico Winston Churchill al Presidente del Consiglio italiano Bonomi del 3 maggio 1945, con le congratulazioni per la liberazione finale del territorio italiano e l\u2019elogio del ruolo giocato dalle forze armate regolari italiane e dalla Resistenza nella liberazione del nostro territorio nazionale; una lettera del Presidente del Consiglio italiano Parri (subentrato a Bonomi nel giugno 1945) al Presidente statunitense Truman, del 22 agosto 1945, in cui viene espressa la profonda gratitudine italiana per l\u2019assistenza e il supporto fornito dagli USA durante gli ultimi anni di guerra, nonch\u00e9 il sentimento di \u201cfiducia, rispetto e amicizia\u201d verso gli americani da parte della popolazione italiana.<\/p>\n<p>&nbsp;<\/p>\n","protected":false},"excerpt":{"rendered":"Ottanta anni fa il Comitato di Liberazione Nazionale Alta Italia (CLNAI) proclamava l\u2019insurrezione generale in tutti i territori ancora occupati dai nazifascisti. Cominci\u00f2 allora la ritirata dei tedeschi e dei soldati della Repubblica di Sal\u00f2 dalle citt\u00e0 del Nord Italia, che avrebbe portato alla totale liberazione del territorio italiano, dopo le sconfitte cruciali inferte dalle [&hellip;]","protected":false},"author":1,"featured_media":135469,"comment_status":"closed","ping_status":"closed","sticky":false,"template":"","format":"standard","meta":{"footnotes":""},"categories":[418],"tags":[32],"class_list":["post-135462","post","type-post","status-publish","format-standard","has-post-thumbnail","hentry","category-diplomazia-culturale","tag-diplomazia-culturale"],"_links":{"self":[{"href":"https:\/\/www.esteri.it\/it\/wp-json\/wp\/v2\/posts\/135462","targetHints":{"allow":["GET"]}}],"collection":[{"href":"https:\/\/www.esteri.it\/it\/wp-json\/wp\/v2\/posts"}],"about":[{"href":"https:\/\/www.esteri.it\/it\/wp-json\/wp\/v2\/types\/post"}],"author":[{"embeddable":true,"href":"https:\/\/www.esteri.it\/it\/wp-json\/wp\/v2\/users\/1"}],"replies":[{"embeddable":true,"href":"https:\/\/www.esteri.it\/it\/wp-json\/wp\/v2\/comments?post=135462"}],"version-history":[{"count":1,"href":"https:\/\/www.esteri.it\/it\/wp-json\/wp\/v2\/posts\/135462\/revisions"}],"predecessor-version":[{"id":135470,"href":"https:\/\/www.esteri.it\/it\/wp-json\/wp\/v2\/posts\/135462\/revisions\/135470"}],"wp:featuredmedia":[{"embeddable":true,"href":"https:\/\/www.esteri.it\/it\/wp-json\/wp\/v2\/media\/135469"}],"wp:attachment":[{"href":"https:\/\/www.esteri.it\/it\/wp-json\/wp\/v2\/media?parent=135462"}],"wp:term":[{"taxonomy":"category","embeddable":true,"href":"https:\/\/www.esteri.it\/it\/wp-json\/wp\/v2\/categories?post=135462"},{"taxonomy":"post_tag","embeddable":true,"href":"https:\/\/www.esteri.it\/it\/wp-json\/wp\/v2\/tags?post=135462"}],"curies":[{"name":"wp","href":"https:\/\/api.w.org\/{rel}","templated":true}]}}