{"id":13843,"date":"2014-03-14T10:36:39","date_gmt":"2014-03-14T09:36:39","guid":{"rendered":"https:\/\/www.esteri.it\/sala_stampa\/archivionotizie\/comunicati\/2014\/03\/20140314_ucrainacomunitainternazionalesipronuncia\/"},"modified":"2014-03-14T10:36:39","modified_gmt":"2014-03-14T09:36:39","slug":"20140314_ucrainacomunitainternazionalesipronuncia","status":"publish","type":"post","link":"https:\/\/www.esteri.it\/it\/sala_stampa\/archivionotizie\/approfondimenti\/2014\/03\/20140314_ucrainacomunitainternazionalesipronuncia\/","title":{"rendered":"Ucraina: Comunita&#8217; internazionale si pronuncia &#8211; Mogherini, ottenere risultati dal canale di dialogo aperto a Roma"},"content":{"rendered":"<p><P>Ottenere dei risultati dal canale di dialogo aperto a Roma sulla crisi Ucraina: e&#8217; l&#8217;obiettivo prioritario dell&#8217;Italia condiviso con la Comunit\u00e0 internazionale come e&#8217; emerso anche nella conference call di ieri alla quale ha preso parte il Ministro Federica Mogherini insieme con il Segretario Generale dell&#8217;Onu Ban Ki-moon, il Segretario di Stato americano John Kerry, l&#8217;Alto Rappresentante per la politica estera Ue Catherine Ashton, il Ministro degli Esteri britannico William Hague, il Ministro degli Esteri francese Laurent Fabius, il Ministro degli Esteri tedesco Frank-Walter Steinmeier, il Ministro degli Esteri polacco Radoslaw Sikorski, il Ministro degli Esteri turco Ahmet Davutoglu e il Ministro degli Esteri canadese John Baird.<\/P><br \/>\n<P><STRONG>&#8221;Inevitabili reazioni&#8221;<\/STRONG><\/P><br \/>\n<P>&#8220;Si \u00e8 convenuto &#8211; ha detto Mogherini &#8211; di compiere tutti gli sforzi utili a far s\u00ec che il canale di dialogo aperto, gi\u00e0 con la conferenza di Roma, porti a un risultato. Se questo non dovesse accadere, e anche alla luce del referendum di domenica in Crimea, luned\u00ec al consiglio Affari esteri di Bruxelles discuteremo a livello europeo le inevitabili reazioni&#8221; ha proseguito. I contatti tra i partecipanti alla conference call proseguiranno nelle prossime ore e nel fine settimana, anche a seguito dell&#8217;incontro a Londra tra il Ministro degli Esteri russo, Sergei Lavrov, e il Segretario di Stato americano Kerry.<\/P><br \/>\n<P><STRONG>Appello a Mosca<\/STRONG><\/P><br \/>\n<P>I contatti ed i colloqui ai quali ha partecipato il Ministro Mogherini, nel tentativo di mantenere aperto il canale di dialogo per arrivare a una de-escalation e alla formazione di un gruppo di contatto, con la partecipazione di Mosca e Kiev, fanno seguito all&#8217;appello lanciato a Mosca dai Paesi G7 e dall&#8217;Europa affinch\u00e9 cessi di &#8221;cambiare lo status della Crimea&#8221; in violazione delle leggi internazionali, a ritirare le sue truppe nelle caserme in cui erano stazionate prima della crisi ed avviare discussioni dirette con il governo dell&#8217;Ucraina e rendersi disponibile ad una mediazione internazionale. <\/P><\/p>\n","protected":false},"excerpt":{"rendered":"Ottenere dei risultati dal canale di dialogo aperto a Roma sulla crisi Ucraina: e&#8217; l&#8217;obiettivo prioritario dell&#8217;Italia condiviso con la Comunit\u00e0 internazionale come e&#8217; emerso anche nella conference call di ieri alla quale ha preso parte il Ministro Federica Mogherini insieme con il Segretario Generale dell&#8217;Onu Ban Ki-moon, il Segretario di Stato americano John Kerry, [&hellip;]","protected":false},"author":1,"featured_media":0,"comment_status":"","ping_status":"","sticky":false,"template":"","format":"standard","meta":{"footnotes":""},"categories":[2],"tags":[9,76,42],"class_list":["post-13843","post","type-post","status-publish","format-standard","hentry","category-approfondimenti","tag-europa","tag-ministri-precedenti","tag-unione-europea"],"_links":{"self":[{"href":"https:\/\/www.esteri.it\/it\/wp-json\/wp\/v2\/posts\/13843","targetHints":{"allow":["GET"]}}],"collection":[{"href":"https:\/\/www.esteri.it\/it\/wp-json\/wp\/v2\/posts"}],"about":[{"href":"https:\/\/www.esteri.it\/it\/wp-json\/wp\/v2\/types\/post"}],"author":[{"embeddable":true,"href":"https:\/\/www.esteri.it\/it\/wp-json\/wp\/v2\/users\/1"}],"replies":[{"embeddable":true,"href":"https:\/\/www.esteri.it\/it\/wp-json\/wp\/v2\/comments?post=13843"}],"version-history":[{"count":0,"href":"https:\/\/www.esteri.it\/it\/wp-json\/wp\/v2\/posts\/13843\/revisions"}],"wp:attachment":[{"href":"https:\/\/www.esteri.it\/it\/wp-json\/wp\/v2\/media?parent=13843"}],"wp:term":[{"taxonomy":"category","embeddable":true,"href":"https:\/\/www.esteri.it\/it\/wp-json\/wp\/v2\/categories?post=13843"},{"taxonomy":"post_tag","embeddable":true,"href":"https:\/\/www.esteri.it\/it\/wp-json\/wp\/v2\/tags?post=13843"}],"curies":[{"name":"wp","href":"https:\/\/api.w.org\/{rel}","templated":true}]}}