{"id":13967,"date":"2014-03-04T13:50:14","date_gmt":"2014-03-04T12:50:14","guid":{"rendered":"https:\/\/www.esteri.it\/sala_stampa\/archivionotizie\/comunicati\/2014\/03\/20140304_moghparl\/"},"modified":"2014-03-04T13:50:14","modified_gmt":"2014-03-04T12:50:14","slug":"20140304_moghparl","status":"publish","type":"post","link":"https:\/\/www.esteri.it\/it\/sala_stampa\/archivionotizie\/approfondimenti\/2014\/03\/20140304_moghparl\/","title":{"rendered":"Crisi Ucraina: Mogherini al Parlamento &#8211; &#8221;Tenere aperta la strada del dialogo&#8221;. Oggi a Parigi colloquio con Lavrov"},"content":{"rendered":"<p><P>&#8221;Tenere aperta sino all&#8217;ultimo la strada del dialogo&#8221;: e&#8217; uno degli obiettivi che il Ministro\u00a0 Federica Mogherini, nel riferire alle Commissioni Esteri di Camera e Senato sul Consiglio Ue di ieri dedicato all&#8217;Ucraina, indica come prioritari da perseguire. E&#8217; la strada\u00a0 da percorrere per &#8221;spingere le due capitali, Mosca e Kiev ad avviare un canale di dialogo, una cosa &#8211; afferma Mogherini &#8211; molto complicata ma non impossibile e che potrebbe essere risolutiva&#8217;.\u00a0 E&#8217; la strada &#8211; sottolinea il Ministro &#8211; che puo&#8217; evitare &#8221;nuovi scenari da guerra fredda&#8221; che ci potrebbero\u00a0 &#8221;portare indietro di decenni&#8221;. <\/P><br \/>\n<P><STRONG>Oggi a Parigi colloquio Mogherini-Lavrov<\/STRONG><\/P><br \/>\n<P>&#8220;Ho parlato&#8221; con il ministro degli Esteri russo Serghei Lavrov e &#8220;lo incontrer\u00f2 domani a Parigi&#8221; in occasione della riunione del gruppo di sostegno al Libano, ha annunciato la titolare della Farnesina che ha detto che l&#8217;Europa deve &#8220;sostenere il popolo e il nuovo governo di Kiev, impegnandolo a rispettare gli accordi sottoscritti prima che la situazione precipitasse&#8221;, &#8220;al &#8220;rispetto delle minoranze e a non cadere nella tentazione di eccesso di reazione&#8221;,\u00a0 ribadendo la necessit\u00e0 per Kiev di &#8220;mantenere i toni pi\u00f9 bassi possibili e procedere a riforme non solo economiche ma anche istituzionali che possano dare al governo piena legittimit\u00e0 democratica.&#8221; <\/P><br \/>\n<P><STRONG>Sostegno finanziario<\/STRONG><\/P><br \/>\n<P>C&#8217;\u00e8 anche &#8211; ha aggiunto il Ministro &#8211;\u00a0 il &#8220;versante del sostegno finanziario&#8221; per gli aiuti alla popolazione ucraina su cui &#8220;avremo punti di criticit\u00e0 nelle prossime settimane. E&#8217; chiaro che il Paese \u00e8 sull&#8217;orlo del default e che questo chiama alla nostra responsabilit\u00e0, i cui margini sono tutti da verificare&#8221;, ha detto Mogherini\u00a0 nella sua prima audizione in Parlamento, dedicata all&#8217;Ucraina.<BR><\/P><\/p>\n","protected":false},"excerpt":{"rendered":"&#8221;Tenere aperta sino all&#8217;ultimo la strada del dialogo&#8221;: e&#8217; uno degli obiettivi che il Ministro\u00a0 Federica Mogherini, nel riferire alle Commissioni Esteri di Camera e Senato sul Consiglio Ue di ieri dedicato all&#8217;Ucraina, indica come prioritari da perseguire. E&#8217; la strada\u00a0 da percorrere per &#8221;spingere le due capitali, Mosca e Kiev ad avviare un canale [&hellip;]","protected":false},"author":1,"featured_media":0,"comment_status":"","ping_status":"","sticky":false,"template":"","format":"standard","meta":{"footnotes":""},"categories":[2],"tags":[9,76],"class_list":["post-13967","post","type-post","status-publish","format-standard","hentry","category-approfondimenti","tag-europa","tag-ministri-precedenti"],"_links":{"self":[{"href":"https:\/\/www.esteri.it\/it\/wp-json\/wp\/v2\/posts\/13967","targetHints":{"allow":["GET"]}}],"collection":[{"href":"https:\/\/www.esteri.it\/it\/wp-json\/wp\/v2\/posts"}],"about":[{"href":"https:\/\/www.esteri.it\/it\/wp-json\/wp\/v2\/types\/post"}],"author":[{"embeddable":true,"href":"https:\/\/www.esteri.it\/it\/wp-json\/wp\/v2\/users\/1"}],"replies":[{"embeddable":true,"href":"https:\/\/www.esteri.it\/it\/wp-json\/wp\/v2\/comments?post=13967"}],"version-history":[{"count":0,"href":"https:\/\/www.esteri.it\/it\/wp-json\/wp\/v2\/posts\/13967\/revisions"}],"wp:attachment":[{"href":"https:\/\/www.esteri.it\/it\/wp-json\/wp\/v2\/media?parent=13967"}],"wp:term":[{"taxonomy":"category","embeddable":true,"href":"https:\/\/www.esteri.it\/it\/wp-json\/wp\/v2\/categories?post=13967"},{"taxonomy":"post_tag","embeddable":true,"href":"https:\/\/www.esteri.it\/it\/wp-json\/wp\/v2\/tags?post=13967"}],"curies":[{"name":"wp","href":"https:\/\/api.w.org\/{rel}","templated":true}]}}