{"id":139980,"date":"2025-07-04T15:31:54","date_gmt":"2025-07-04T13:31:54","guid":{"rendered":"https:\/\/www.esteri.it\/?p=139980"},"modified":"2025-07-10T15:25:31","modified_gmt":"2025-07-10T13:25:31","slug":"bahia-blanca-il-jazz-italiano-in-patagonia","status":"publish","type":"post","link":"https:\/\/www.esteri.it\/it\/sala_stampa\/archivionotizie\/diplomazia-culturale\/2025\/07\/bahia-blanca-il-jazz-italiano-in-patagonia\/","title":{"rendered":"Bah\u00eda Blanca, il jazz italiano in Patagonia"},"content":{"rendered":"<p>Organizzata dal <strong>Consolato Generale d\u2019Italia a Bah\u00eda Blanca <\/strong>e dall\u2019<strong>Istituto Culturale<\/strong> della citt\u00e0, la \u201cSettimana del Jazz\u201d \u00e8 stata aperta nell\u2019<strong>Auditorium L. Caronti<\/strong> dal giovane ma gi\u00e0 riconosciuto vibrafonista jazz <strong>Giovanni Perin<\/strong> con il concerto \u201cConnections\u201d. Tutto esaurito per l\u2019occasione.<\/p>\n<p>Accompagnato da batterista e contrabbassista argentini d\u2019eccellenza, <b>Daniel\u00a0<\/b><strong>Lopez e Lisandro Diez<\/strong>, il jazz italiano di Perin \u00e8 un vibrante progetto musicale nato dall&#8217;incontro tra i mondi musicali italiani e argentini, che combina composizioni originali con i classici del repertorio musicale statunitense e italiano, tutti reinterpretati attraverso il prisma di questa collaborazione internazionale.<\/p>\n<p>Con una carriera di spicco sulla scena del jazz mondiale e performance in importanti festival in tutto il mondo, Perin porta con s\u00e9 una profonda esperienza e una voce artistica fresca, esplorando un terreno musicale ricco, dove il jazz, i ritmi latini e i suoni di fusione si intrecciano.<\/p>\n<p>Il concerto \u00e8 stato preceduto da una classe magistrale per gli alunni del Conservatorio. Un gesto particolarmente apprezzato, in quanto il Conservatorio \u00e8 andato distrutto dalla terribile alluvione che ha colpito Bah\u00eda Blanca il 7 marzo scorso. Offrire spazi di aggregazione e formazione \u00e8 importantissimo, in quanto pone la cultura italiana, attraverso l\u2019azione del Consolato Generale, al centro della ripresa di una citt\u00e0 con fortissime radici italiane.<\/p>\n<p>Il 30 giugno Perin ha tenuto un\u2019ulteriore masterclass per gli alunni della <strong>scuola di musica di Neuqu\u00e9n<\/strong> ed un concerto nel suggestivo salone della Penisola Iroki, ubicato alla confluenza dei due fiumi da cui origina il Rio Negro, che d\u00e0 il nome ad una delle principali province argentine, a simboleggiare l\u2019incontro e l\u2019unione tra due culture all\u2019insegna della musica italiana.<\/p>\n<p>&nbsp;<\/p>\n","protected":false},"excerpt":{"rendered":"Organizzata dal Consolato Generale d\u2019Italia a Bah\u00eda Blanca e dall\u2019Istituto Culturale della citt\u00e0, la \u201cSettimana del Jazz\u201d \u00e8 stata aperta nell\u2019Auditorium L. Caronti dal giovane ma gi\u00e0 riconosciuto vibrafonista jazz Giovanni Perin con il concerto \u201cConnections\u201d. Tutto esaurito per l\u2019occasione. Accompagnato da batterista e contrabbassista argentini d\u2019eccellenza, Daniel\u00a0Lopez e Lisandro Diez, il jazz italiano di [&hellip;]","protected":false},"author":1,"featured_media":139985,"comment_status":"closed","ping_status":"closed","sticky":false,"template":"","format":"standard","meta":{"footnotes":""},"categories":[418],"tags":[398,32],"class_list":["post-139980","post","type-post","status-publish","format-standard","has-post-thumbnail","hentry","category-diplomazia-culturale","tag-america-latina-e-caraibi","tag-diplomazia-culturale"],"_links":{"self":[{"href":"https:\/\/www.esteri.it\/it\/wp-json\/wp\/v2\/posts\/139980","targetHints":{"allow":["GET"]}}],"collection":[{"href":"https:\/\/www.esteri.it\/it\/wp-json\/wp\/v2\/posts"}],"about":[{"href":"https:\/\/www.esteri.it\/it\/wp-json\/wp\/v2\/types\/post"}],"author":[{"embeddable":true,"href":"https:\/\/www.esteri.it\/it\/wp-json\/wp\/v2\/users\/1"}],"replies":[{"embeddable":true,"href":"https:\/\/www.esteri.it\/it\/wp-json\/wp\/v2\/comments?post=139980"}],"version-history":[{"count":2,"href":"https:\/\/www.esteri.it\/it\/wp-json\/wp\/v2\/posts\/139980\/revisions"}],"predecessor-version":[{"id":140253,"href":"https:\/\/www.esteri.it\/it\/wp-json\/wp\/v2\/posts\/139980\/revisions\/140253"}],"wp:featuredmedia":[{"embeddable":true,"href":"https:\/\/www.esteri.it\/it\/wp-json\/wp\/v2\/media\/139985"}],"wp:attachment":[{"href":"https:\/\/www.esteri.it\/it\/wp-json\/wp\/v2\/media?parent=139980"}],"wp:term":[{"taxonomy":"category","embeddable":true,"href":"https:\/\/www.esteri.it\/it\/wp-json\/wp\/v2\/categories?post=139980"},{"taxonomy":"post_tag","embeddable":true,"href":"https:\/\/www.esteri.it\/it\/wp-json\/wp\/v2\/tags?post=139980"}],"curies":[{"name":"wp","href":"https:\/\/api.w.org\/{rel}","templated":true}]}}