{"id":1439,"date":"2020-11-18T11:31:11","date_gmt":"2020-11-18T10:31:11","guid":{"rendered":"https:\/\/www.esteri.it\/sala_stampa\/archivionotizie\/comunicati\/2020\/11\/del-re-con-pandemia-necessarie-azioni-globali-per-proteggere-donne-e-bambini\/"},"modified":"2020-11-18T11:31:11","modified_gmt":"2020-11-18T10:31:11","slug":"del-re-con-pandemia-necessarie-azioni-globali-per-proteggere-donne-e-bambini","status":"publish","type":"post","link":"https:\/\/www.esteri.it\/it\/sala_stampa\/archivionotizie\/comunicati\/2020\/11\/del-re-con-pandemia-necessarie-azioni-globali-per-proteggere-donne-e-bambini\/","title":{"rendered":"Del Re: con pandemia necessarie azioni globali per proteggere donne e bambini"},"content":{"rendered":"<p>La Vice Ministra agli Affari Esteri e alla Cooperazione Internazionale, Emanuela Del Re, ha partecipato oggi alla presentazione dell\u2019edizione 2020 di WeWorld Index, intitolato \u201cDonne e bambini ai tempi del Covid-19\u201d. Il rapporto misura annualmente il livello di inclusione di donne e bambini nel mondo, a cura di WeWorld \u2013 organizzazione italiana che difende i diritti di donne e bambini.<\/p>\n<p>Intervenendo a conclusione dell\u2019evento, la Vice Ministra ha sottolineato come la pandemia di Covid-19 colpisca particolarmente i gruppi pi\u00f9 vulnerabili che gi\u00e0 soffrono di situazioni di povert\u00e0, emarginazione e altre difficili condizioni socioeconomiche: donne, bambini, giovani, disabili, rifugiati, sfollati interni e migranti.<\/p>\n<p>\u201cLa mancanza di accesso all&#8217;istruzione colpisce in particolare le ragazze adolescenti, considerando che non frequentare la scuola comporta rischi molto gravi per loro, compresi i matrimoni precoci e forzati.\u201d \u2013 ha proseguito \u2013 \u201cIn generale, la pandemia ha avuto un effetto devastante sulle donne, non solo nei paesi in via di sviluppo; un altro grave effetto \u00e8 l&#8217;aumento dei casi di violenza domestica: secondo UN Women, 243 milioni di donne nel mondo sono state vittime di violenza fisica e\/o sessuale negli ultimi mesi.\u201d<\/p>\n<p>La Vice Ministra ha quindi assicurato che la Cooperazione italiana si impegna a incrementare i propri sforzi per prevenire e proteggere le donne e le ragazze da tutte le forme di discriminazione e violenza e per proteggere i diritti delle donne, dei bambini e dei gruppi pi\u00f9 vulnerabili, contribuendo a garantire la loro sicurezza, salute fisica e mentale, benessere, sicurezza economica e uguaglianza.<\/p>\n<p>\u201cIl contesto attuale presenta sfide pressanti: Sono necessarie azioni a livello globale per proteggere i gruppi pi\u00f9 vulnerabili, impedire che la crisi sanitaria si trasformi in una crisi dell&#8217;istruzione e di genere, e per costruire un nuovo ed efficace modello di sviluppo sostenibile, consentendo ai bambini, ai giovani e alle donne di affrontare il mondo di domani nelle loro migliori condizioni.\u201d \u2013 ha concluso la Vice Ministra.<\/p>\n","protected":false},"excerpt":{"rendered":"La Vice Ministra agli Affari Esteri e alla Cooperazione Internazionale, Emanuela Del Re, ha partecipato oggi alla presentazione dell\u2019edizione 2020 di WeWorld Index, intitolato \u201cDonne e bambini ai tempi del Covid-19\u201d. Il rapporto misura annualmente il livello di inclusione di donne e bambini nel mondo, a cura di WeWorld \u2013 organizzazione italiana che difende i [&hellip;]","protected":false},"author":1,"featured_media":0,"comment_status":"","ping_status":"","sticky":false,"template":"","format":"standard","meta":{"footnotes":""},"categories":[1],"tags":[37,26,399],"class_list":["post-1439","post","type-post","status-publish","format-standard","hentry","category-comunicati","tag-covid-19","tag-onu","tag-vice-ministri-e-sottosegretari-precedenti"],"_links":{"self":[{"href":"https:\/\/www.esteri.it\/it\/wp-json\/wp\/v2\/posts\/1439","targetHints":{"allow":["GET"]}}],"collection":[{"href":"https:\/\/www.esteri.it\/it\/wp-json\/wp\/v2\/posts"}],"about":[{"href":"https:\/\/www.esteri.it\/it\/wp-json\/wp\/v2\/types\/post"}],"author":[{"embeddable":true,"href":"https:\/\/www.esteri.it\/it\/wp-json\/wp\/v2\/users\/1"}],"replies":[{"embeddable":true,"href":"https:\/\/www.esteri.it\/it\/wp-json\/wp\/v2\/comments?post=1439"}],"version-history":[{"count":0,"href":"https:\/\/www.esteri.it\/it\/wp-json\/wp\/v2\/posts\/1439\/revisions"}],"wp:attachment":[{"href":"https:\/\/www.esteri.it\/it\/wp-json\/wp\/v2\/media?parent=1439"}],"wp:term":[{"taxonomy":"category","embeddable":true,"href":"https:\/\/www.esteri.it\/it\/wp-json\/wp\/v2\/categories?post=1439"},{"taxonomy":"post_tag","embeddable":true,"href":"https:\/\/www.esteri.it\/it\/wp-json\/wp\/v2\/tags?post=1439"}],"curies":[{"name":"wp","href":"https:\/\/api.w.org\/{rel}","templated":true}]}}