{"id":14642,"date":"2014-01-07T11:18:31","date_gmt":"2014-01-07T10:18:31","guid":{"rendered":"https:\/\/www.esteri.it\/sala_stampa\/archivionotizie\/comunicati\/2014\/01\/20140107_boninoghana\/"},"modified":"2014-01-07T11:18:31","modified_gmt":"2014-01-07T10:18:31","slug":"20140107_boninoghana","status":"publish","type":"post","link":"https:\/\/www.esteri.it\/it\/sala_stampa\/archivionotizie\/approfondimenti\/2014\/01\/20140107_boninoghana\/","title":{"rendered":"Bonino in Senegal &#8211; Collaboriamo per la sicurezza, preoccupa espansione terrorismo"},"content":{"rendered":"<p><P>Il tema che &#8220;ci preoccupa di pi\u00f9 \u00e8 l&#8217;espansione del terrorismo, della violenza, del fanatismo&#8221; e serve un&#8217;intensificazione della cooperazione su questi temi. Cos\u00ec la Ministro Emma Bonino, a Dakar, dopo un incontro con il collega senegalese Mankeur Ndiaye e aprendo una riunione allargata a vari ministri del governo. La titolare della Farnesina ha ribadito che le relazioni &#8220;tra i due Paesi sono buone&#8221; e che comunque questa visita \u00e8 l&#8217;occasione &#8220;per rilanciarle&#8221;. Al centro dell&#8217;incontro con il Ministro degli Esteri senegalese oltre ai temi della sicurezza, la cooperazione economica, culturale e sui grandi temi internazionali come l&#8217;attivit\u00e0 della Corte penale internazionale e la campagna per la moratoria sulla pena di morte.<\/P><br \/>\n<P>Il Senegal, prioritario per la cooperazione italiana e con buone opportunit\u00e0 di investimento per le piccole e medie imprese, \u00e8 la seconda tappa del primo viaggio africano della Ministro Emma Bonino, arrivata a Dakar dopo una due giorni in Ghana. Fitta l\u2019agenda di incontri: oltre alle autorit\u00e0 senegalesi, anche la comunit\u00e0 italiana ed esponenti della societ\u00e0 civile, tra i quali i rappresentanti delle ong impegnate nella lotta alle mutilazioni genitali femminili. Due giorni per approfondire rapporti e stabilire le priorit\u00e0 del futuro, a partire dal Programma Paese 2014-2016 che prevede 45 milioni di euro da investire soprattutto in agricoltura e sviluppo rurale, sostegno al settore privato e protezione sociale.<\/P><br \/>\n<P>\u00a0<\/P><br \/>\n<P><\/STRONG><\/P><br \/>\n<P><STRONG>6 gennaio 2014<\/STRONG><\/STRONG><\/P><br \/>\n<P><STRONG>Bonino in Senegal, seconda tappa tour africano<\/STRONG><\/STRONG><\/P><br \/>\n<P>Il Senegal, prioritario per la cooperazione italiana e con buone opportunit\u00e0 di investimento per le piccole e medie imprese, \u00e8 la seconda tappa del primo viaggio africano della Ministro Emma Bonino, arrivata a Dakar dopo una due giorni in Ghana.<\/P><br \/>\n<P>L&#8217;agenda \u00e8 fitta: si parler\u00e0 di sicurezza, sviluppo, Expo 2015 (al quale il Senegal parteciper\u00e0), diritti umani, parit\u00e0 di genere, in una serie di incontri con le autorit\u00e0 senegalesi. In primo luogo quello con Aminata Tour\u00e8, premier con un passato di attivista per i diritti civili e funzionaria Onu, seconda donna primo ministro del Paese africano.<\/P><br \/>\n<P>Bonino vedr\u00e0 il presidente Marky Sall, il ministro degli Esteri Mankeur Ndiaye, i titolari dei dicasteri di Giustizia, Economia, Agricoltura, Donne e Infanzia, Cultura. Ma anche la comunit\u00e0 italiana ed esponenti della societ\u00e0 civile, tra i quali i rappresentanti delle ong impegnate nella lotta alle mutilazioni genitali femminili.<\/P><br \/>\n<P>Due giorni per approfondire rapporti e stabilire le priorit\u00e0 del futuro, a partire dal Programma Paese 2014-2016 che prevede 45 milioni di euro da investire soprattutto in agricoltura e sviluppo rurale, sostegno al settore privato e protezione sociale.<\/P><br \/>\n<P><br \/>\n<P><STRONG>Italia-Ghana, cooperazione contro pirateria<\/STRONG><\/STRONG><\/STRONG><\/P><br \/>\n<P>Un hub politicamente stabile, con una economia in crescita, che condivide con l&#8217;Italia e l&#8217;Europa la lotta alla pirateria e l&#8217;impegno per la sicurezza della regione: l&#8217;Africa occidentale riparte dal Ghana che, alla Ministro Emma Bonino ha fornito &#8220;conferme&#8221; e prospettive. Alla Ministro, i suoi interlocutori politici ed istituzionali, il vice presidente Paa Kwesi Bekoe, la Ministro degli Esteri Hannah Tetteh, e le donne delle Ong, hanno confermato la possibilit\u00e0 concreta di crescere anche con l&#8217;aiuto dell&#8217;Italia, partner storico del Paese e pronto a confermargli fiducia e impegno.<\/P><br \/>\n<P><STRONG>Stabilit\u00e0<\/STRONG><\/STRONG><\/STRONG><\/P><br \/>\n<P><\/STRONG><\/P><br \/>\n<P>Forte di una stabilit\u00e0 che ha consentito, dal 1992, sei consultazioni elettorali senza problemi, il Ghana non si sottrae a nessun dossier, chiede a Roma una cooperazione bilaterale &#8220;molto estesa&#8221; a livello di intelligence per il contrasto alla pirateria ed \u00e8 pronto a fare la sua parte per la stabilit\u00e0 della regione. Accra &#8211; che partecipa con oltre 80.000 militari a una trentina di operazioni di pacekeeping nel mondo &#8211; conferma che la sua strategia \u00e8 quella di non tirarsi indietro, e ha appena deciso di raddoppiare la sua presenza in Sud Sudan.<\/P><br \/>\n<P><STRONG>Crescita dell\u2019economia<\/STRONG><\/STRONG><\/STRONG><\/P><br \/>\n<P><\/STRONG><\/P><br \/>\n<P>A dare una mano, una crescita media dell&#8217;economia del 7 per cento l&#8217;anno che potrebbe consentire al Ghana di passare entro il 2015 dallo status di Paese povero a quello di Paese a medio reddito, secondo gi standard della Banca mondiale. Le piccole e medie imprese provano ad espandersi, le materie prime ci sono &#8211; dagli idrocarburi scoperti da Eni all&#8217;oro, ai diamanti, al manganese &#8211; l&#8217;agricoltura ha grandi margini di miglioramento e razionalizzazione. Senza dimenticare il cacao, di cui il Ghana \u00e8 secondo produttore mondiale, e che sar\u00e0 il fiore all&#8217;occhiello della partecipazione di Accra a Expo 2015.<\/P><br \/>\n<P><STRONG>Rafforzare i Paesi a \u201cmet\u00e0 del guado\u201d<\/STRONG><\/STRONG><\/STRONG><\/P><br \/>\n<P><\/STRONG><\/P><br \/>\n<P>Non \u00e8 un caso che Bonino abbia scelto il Ghana per la sua prima visita a sud del Sahara da capo della diplomazia italiana. &#8220;Smettiamola di pensare all&#8217;Africa come a un unico continente in difficolt\u00e0&#8221; perch\u00e8 il &#8220;nostro ruolo&#8221; \u00e8 invece quello di &#8220;rafforzare i Paesi che sono a met\u00e0 del guado, che hanno istituzioni forti e dove la questione diritti umani e diritti civili va di pari passo con la governance&#8221;, \u00e8 l&#8217;idea della Ministro che intende &#8220;riaprire i riflettori su un&#8217;Africa che non deve essere vista solo come terreno di crisi ma che ha potenzialit\u00e0 importanti di progresso&#8221;. In tema di diritti umani la situazione \u00e8 decisamente migliore rispetto alla media africana e non esistono, ha precisato Bonino, &#8220;discriminazioni normative&#8221; per le donne, anche se cultura e tradizioni rendono l&#8217;applicazione di una vera parit\u00e0 ancora &#8220;tutta in salita&#8221;.<\/P><\/p>\n","protected":false},"excerpt":{"rendered":"Il tema che &#8220;ci preoccupa di pi\u00f9 \u00e8 l&#8217;espansione del terrorismo, della violenza, del fanatismo&#8221; e serve un&#8217;intensificazione della cooperazione su questi temi. Cos\u00ec la Ministro Emma Bonino, a Dakar, dopo un incontro con il collega senegalese Mankeur Ndiaye e aprendo una riunione allargata a vari ministri del governo. La titolare della Farnesina ha ribadito [&hellip;]","protected":false},"author":1,"featured_media":0,"comment_status":"","ping_status":"","sticky":false,"template":"","format":"standard","meta":{"footnotes":""},"categories":[2],"tags":[31,29,43,76],"class_list":["post-14642","post","type-post","status-publish","format-standard","hentry","category-approfondimenti","tag-africa","tag-cooperazione-sviluppo","tag-diritti-umani","tag-ministri-precedenti"],"_links":{"self":[{"href":"https:\/\/www.esteri.it\/it\/wp-json\/wp\/v2\/posts\/14642","targetHints":{"allow":["GET"]}}],"collection":[{"href":"https:\/\/www.esteri.it\/it\/wp-json\/wp\/v2\/posts"}],"about":[{"href":"https:\/\/www.esteri.it\/it\/wp-json\/wp\/v2\/types\/post"}],"author":[{"embeddable":true,"href":"https:\/\/www.esteri.it\/it\/wp-json\/wp\/v2\/users\/1"}],"replies":[{"embeddable":true,"href":"https:\/\/www.esteri.it\/it\/wp-json\/wp\/v2\/comments?post=14642"}],"version-history":[{"count":0,"href":"https:\/\/www.esteri.it\/it\/wp-json\/wp\/v2\/posts\/14642\/revisions"}],"wp:attachment":[{"href":"https:\/\/www.esteri.it\/it\/wp-json\/wp\/v2\/media?parent=14642"}],"wp:term":[{"taxonomy":"category","embeddable":true,"href":"https:\/\/www.esteri.it\/it\/wp-json\/wp\/v2\/categories?post=14642"},{"taxonomy":"post_tag","embeddable":true,"href":"https:\/\/www.esteri.it\/it\/wp-json\/wp\/v2\/tags?post=14642"}],"curies":[{"name":"wp","href":"https:\/\/api.w.org\/{rel}","templated":true}]}}