{"id":14657,"date":"2014-01-02T12:35:34","date_gmt":"2014-01-02T11:35:34","guid":{"rendered":"https:\/\/www.esteri.it\/sala_stampa\/archivionotizie\/comunicati\/2014\/01\/20140102_longyearofeu\/"},"modified":"2014-01-02T12:35:34","modified_gmt":"2014-01-02T11:35:34","slug":"20140102_longyearofeu","status":"publish","type":"post","link":"https:\/\/www.esteri.it\/it\/sala_stampa\/archivionotizie\/approfondimenti\/2014\/01\/20140102_longyearofeu\/","title":{"rendered":"Longitude: \u201cThe year of Europe\u201d"},"content":{"rendered":"<p><P>\u201cThe year of Europe\u201d: per l\u2019Europa il nuovo Anno che comincia \u00e8 un vero e proprio \u201cgiro di boa\u2019\u2019; dal luglio 2014 l\u2019Italia deterr\u00e0 la Presidenza Ue; sar\u00e0 rinnovato il Parlamento europeo, ci sar\u00e0 un nuovo governo (Commissione), continua ad essere aperto il cantiere delle riforme, in parte gi\u00e0 realizzate sul piano economico.<\/P><br \/>\n<P>La copertina del nuovo numero di \u201cLongitude\u201d, la rivista diretta da Pialuisa Bianco, in edicola dal 6 gennaio 2014 \u00e8 dedicata a questo tema al centro dell\u2019editoriale del Presidente del Consiglio Enrico Letta, \u201cA new deam for Europe\u201d: \u201cDal luglio a dicembre 2014 \u2013 scrive il Premier \u2013 l\u2019Italia deterr\u00e0 la presidenza Ue. Sar\u00e0 una presidenza orientata ad andare avanti, a dare nuova vitalit\u00e0 al progetto europeo. Sar\u00e0 un\u2019opportunit\u00e0 \u2013 aggiunge Letta indicando gli obiettivi della Presidenza italiana \u2013 di costruire insieme un\u2019Europa pi\u00f9 vicina ai cittadini, pi\u00f9 capace di entusiasmare, un partner forte per i nostri progetti per passare dall\u2019austerit\u00e0 alla crescita, senza dimenticare le lezioni della crisi e la necessit\u00e0 di continuare riforme strutturali e una sana gestione della finanza pubblica\u2019\u2019. E mentre il Premier auspica che \u201cil sogno dell\u2019Europa dei Popoli\u201d prevalga sull\u2019\u201dEuropa dei populismi\u201d, il direttore della rivista nel suo editoriale \u201cDon\u2019t get distracted, America\u201d, traccia un\u2019analisi puntuale dei rapporti Stati Uniti \u2013Europa, il cui legame continua ad essere un architrave importante per la sicurezza e gli equilibri internazionali.<\/P><br \/>\n<P><STRONG>Tematiche europee<\/STRONG><\/P><br \/>\n<P>Le varie tematiche europee sono analizzate in una serie di servizi: \u201cBack to the bare essentials\u201d, ovvero in quali \u201ccondizioni\u201d l\u2019Europa arriva alla meta. \u201cFighting a good, clean fight\u201d, il Vecchio Continente, avr\u00e0 non pochi ostacoli da superare, non ultimo quello della \u201cstagnazione\u201d che soffoca il suo intrinseco dinamismo; \u201cVariations on the welfare state\u201d, un\u2019approfondita analisi sulla riorganizzazione del Welfare. E ancora: la questione dell\u2019immigrazione, \u201cXenophobia at the polls\u201d, la \u201cfuga in avanti\u201d dell\u2019Inghilterra con particolare attenzione al referendum in Scozia \u201cAs Britain eyes the exits\u201d e \u201cDivided Kingdom\u201d; la questione dell\u2019energia, \u201cMaking Europe\u2019s energy count\u201d, il ruolo della Bei, \u201cInvesting in a united Europe\u201d, i finanziamenti in rapporto all\u2019allargamento Ue, \u201cFinancing a smooth transition\u201d, le potenzialit\u00e0 ed i rischi dell\u2019Euro, \u201cAs the euro tries to emerge\u201d, la strategia della Casa Bianca tra l\u2019Europa e l\u2019Asia, \u201cObama looks for NewYear\u2019s resolutions\u201d.<\/P><br \/>\n<P><STRONG>Altri servizi di copertina<\/STRONG><\/P><br \/>\n<P>Oltre al tema Europa, in copertina analisi riguardanti l\u2019Ucraina, Australia e l\u2019agricoltura globale, \u201cGlobal farming\u201d. Quest\u2019ultimo tema articolato nei servizi di Stefano Cingolani, \u201cPlenty for all\u201d, di Marie Joveneau, &#8220;Farming the world\u201d, di Enrico Verga, \u201cFood evolution\u201d, di Sash Luczkiw, \u201cWho\u2019s afraid of Monsanto\u201d.<\/P><br \/>\n<P><STRONG>Le rubriche<\/STRONG><\/P>Il \u201cWidescreen\u201d \u00e8 dedicato all\u2019Afghanistan, \u201cAfghanistan stands on its own\u201d, mentre \u201ci personaggi\u201d sono quelli dell\u2019Africa sub-sahariana, \u201cSubSaharan hotspots\u201d. La rubrica dei libri \u00e8 dedicata a Nelson Mandela, il padre della lotta alla segregazione razziale scomparso di recente.<\/p>\n","protected":false},"excerpt":{"rendered":"\u201cThe year of Europe\u201d: per l\u2019Europa il nuovo Anno che comincia \u00e8 un vero e proprio \u201cgiro di boa\u2019\u2019; dal luglio 2014 l\u2019Italia deterr\u00e0 la Presidenza Ue; sar\u00e0 rinnovato il Parlamento europeo, ci sar\u00e0 un nuovo governo (Commissione), continua ad essere aperto il cantiere delle riforme, in parte gi\u00e0 realizzate sul piano economico. La copertina [&hellip;]","protected":false},"author":1,"featured_media":0,"comment_status":"","ping_status":"","sticky":false,"template":"","format":"standard","meta":{"footnotes":""},"categories":[2],"tags":[9,42],"class_list":["post-14657","post","type-post","status-publish","format-standard","hentry","category-approfondimenti","tag-europa","tag-unione-europea"],"_links":{"self":[{"href":"https:\/\/www.esteri.it\/it\/wp-json\/wp\/v2\/posts\/14657","targetHints":{"allow":["GET"]}}],"collection":[{"href":"https:\/\/www.esteri.it\/it\/wp-json\/wp\/v2\/posts"}],"about":[{"href":"https:\/\/www.esteri.it\/it\/wp-json\/wp\/v2\/types\/post"}],"author":[{"embeddable":true,"href":"https:\/\/www.esteri.it\/it\/wp-json\/wp\/v2\/users\/1"}],"replies":[{"embeddable":true,"href":"https:\/\/www.esteri.it\/it\/wp-json\/wp\/v2\/comments?post=14657"}],"version-history":[{"count":0,"href":"https:\/\/www.esteri.it\/it\/wp-json\/wp\/v2\/posts\/14657\/revisions"}],"wp:attachment":[{"href":"https:\/\/www.esteri.it\/it\/wp-json\/wp\/v2\/media?parent=14657"}],"wp:term":[{"taxonomy":"category","embeddable":true,"href":"https:\/\/www.esteri.it\/it\/wp-json\/wp\/v2\/categories?post=14657"},{"taxonomy":"post_tag","embeddable":true,"href":"https:\/\/www.esteri.it\/it\/wp-json\/wp\/v2\/tags?post=14657"}],"curies":[{"name":"wp","href":"https:\/\/api.w.org\/{rel}","templated":true}]}}