{"id":148207,"date":"2025-09-25T09:11:16","date_gmt":"2025-09-25T07:11:16","guid":{"rendered":"https:\/\/www.esteri.it\/?p=148207"},"modified":"2025-09-25T09:11:16","modified_gmt":"2025-09-25T07:11:16","slug":"tajani-e-la-mediazione-su-flotilla-lavoriamo-per-fare-arrivare-gli-aiuti-quotidiano-nazionale","status":"publish","type":"post","link":"https:\/\/www.esteri.it\/it\/sala_stampa\/archivionotizie\/interviste\/2025\/09\/tajani-e-la-mediazione-su-flotilla-lavoriamo-per-fare-arrivare-gli-aiuti-quotidiano-nazionale\/","title":{"rendered":"Tajani e la mediazione su Flotilla: \u00abLavoriamo per fare arrivare gli aiuti\u00bb (Quotidiano Nazionale)"},"content":{"rendered":"<p>ROMA \u00abSiamo impegnati e stiamo lavorando in queste ore a una proposta di mediazione con Israele e con l&#8217;aiuto del governo di Cipro. Se accettata, questa proposta permetter\u00e0 di far arrivare gli aiuti della Flotilla ai palestinesi &#8211; avvisa il vicepremier e ministro degli Esteri, Antonio Tajani da New York, dove si trova per l&#8217;assemblea dell&#8217;Onu -. Il piano prevede la consegna degli aiuti a Cipro, da dove verrebbero trasferiti al Patriarcato latino di Gerusalemme; a quel punto verrebbero trasferiti in Israele, con la garanzia del governo israeliano di farli arrivare a Gaza\u00bb.<\/p>\n<p><strong>Ministro Tajani, sul fronte mediorientale vi state muovendo \u00abanche\u00bb per arrivare, a determinate condizioni, al riconoscimento dello Stato palestinese. <\/strong><\/p>\n<p>\u00abL&#8217;Italia vuole il riconoscimento della Palestina perch\u00e9 la nostra scelta \u00e8 che bisogna costruire 2 Stati per 2 popoli, israeliani e palestinesi. II riconoscimento siamo pronti a farlo presto, ma non possiamo riconoscere uno Stato dove ci sia la presenza di Hamas: gli ostaggi, dunque, devono essere rilasciati e Hamas deve essere fuori da qualsiasi governo. Noi siamo sempre stati per la soluzione dei due Stati. Anche in questi giorni a New York lavoriamo per questo, per la pace e la ricostruzione a Gaza. Israele deve smettere di attaccare, deve fermarsi: siamo pronti ad approvare le sanzioni proposte dalla Commissione Ue e valutiamo possibili sanzioni finanziarie\u00bb.<\/p>\n<p><strong>Sul fronte della guerra russoucraina, da Mosca arriva una gelata su ipotesi di pace o di tregua: il conflitto andr\u00e0 avanti. <\/strong><\/p>\n<p>\u00ab\u00c8 ci\u00f2 che abbiamo sempre detto: in questo momento la Russia non vuole la pace, ma alla fine si dovr\u00e0 rendere conto che tutto ci\u00f2 porter\u00e0 noi a indurire le sanzioni. Del resto mi pare che pure la pazienza americana si sia esaurita\u00bb.<\/p>\n<p><strong>In Europa, per\u00f2, si moltiplicano le provocazioni russe.<\/strong><\/p>\n<p>\u00abSono tentativi di testare le nostre reazioni. Non credo che Putin voglia la terza guerra mondiale. Credo invece che voglia rinforzare la sua posizione nell&#8217;area e cerca di vedere come reagisce l&#8217;Europa, come reagisce la Nato. Si tratta di provocazioni che verranno respinte certamente, ma ricordo episodi simili anche ai tempi della Guerra Fredda. Bisogna evitare l&#8217;escalation, ma i segnali di risposta devono essere dati\u00bb.<\/p>\n<p><strong>Veniamo all&#8217;Italia: domenica nelle Marche e, a seguire, in altre regioni-chiave: quale \u00e8 la posta in gioco del prossimo voto?<\/strong><\/p>\n<p>\u00abRiteniamo che possa rafforzarsi nelle Marche il buon governo del centrodestra, e, in questo ambito, crediamo che possa essere apprezzato il ruolo che ha svolto Forza Italia nella regione a sostegno di Acquaroli. Pi\u00f9 in generale, sono convinto che troveranno conferma i sondaggi che, nella totalit\u00e0, danno Forza Italia in crescita rilevante. Siamo ottimisti sul risultato. E questo \u00e8 una conferma di stabilit\u00e0 e di equilibrio, per dare spazio anche nei territori a un centro di garanzia\u00bb.<\/p>\n<p><strong>Anche in Calabria e nelle altre regioni puntate a un risultato significativo?<\/strong><\/p>\n<p>\u00abIn Calabria abbiamo presentato tre liste di Forza Italia, a dimostrazione dell&#8217;ottimo stato di salute, lo stesso vale in Val d&#8217;Aosta dove il clima \u00e8 molto positivo nei nostri confronti: c&#8217;\u00e8, insomma, voglia di centro, c&#8217;\u00e8 voglia di forze che, tanto pi\u00f9 in un momento di cos\u00ec di grande tensione nazionale e internazionale, svolgano una funzione di stabilit\u00e0, di seriet\u00e0, di credibilit\u00e0. C&#8217;\u00e8 voglia di un partito politico che dia dimostrazione di portare serenit\u00e0: una forza rassicurante che \u00e8 parte del centrodestra e che rafforza il centrodestra con le sue posizioni, la sua azione\u00bb.<\/p>\n<p><strong>Nelle altre regioni al voto quando indicherete i nomi dei candidati presidenti?<\/strong><\/p>\n<p>\u00abNoi siamo pronti a fare tutto ci\u00f2 che serve per indicare i candidati: non abbiamo mai fatto ostruzionismo, tutt&#8217;altro, siamo pronti a decidere al pi\u00f9 presto. Ritengo che al ritorno da New York, all&#8217;inizio della settimana prossima potremo indicare i candidati presidenti. In Campania e Puglia siamo per un candidato civico: abbiamo delle idee sui nomi e le abbiamo gi\u00e0 espresse ai nostri alleati. In Veneto non abbiamo pregiudiziali nei confronti di nessuno, vogliamo vincere e governare bene, ma non accetteremo, come \u00e8 avvenuto fino a oggi, di essere emarginati, vogliamo svolgere un ruolo da protagonisti al governo della regione. Sono molto fiducioso anche del nostro risultato in Toscana: ci siamo mobilitati tutti, ad ogni livello, con un messaggio positivo per il rinnovamento\u00bb.<\/p>\n<p><strong>Nel fine settimana a Telese lancerete quella che qualcuno battezza come la nuova Forza Italia. Su quali basi? <\/strong><\/p>\n<p>\u00abDa Telese arriver\u00e0 un messaggio di forte identit\u00e0 di Forza Italia, perch\u00e9 presenteremo il &#8216;Manifesto della Libert\u00e0&#8217; insieme con il Pantheon di alcuni grandi personaggi della storia che rappresentano un punto di riferimento per il nostro movimento. Sar\u00e0 un evento identitario, dal punto di vista culturale e politico, per rafforzare il nostro ruolo e far capire che siamo una forza politica che ha una identit\u00e0 cristiana, liberale, riformista, garantista, atlantista, europeista. Per far capire che siamo s\u00ec alleati di Fratelli d&#8217;Italia e della Lega, ma siamo diversi e abbiamo una nostra identit\u00e0 e una nostra storia\u00bb.<\/p>\n<p><strong>Chi ci sar\u00e0 nel vostro Pantheon?<\/strong><\/p>\n<p>\u00abOvviamente Silvio Berlusconi, e con lui ci saranno, solo per citare le principali figure di riferimento, De Gasperi, Adenauer, Schuman. Ci saranno Salvo d&#8217;Acquisto, Carlo Alberto Dalla Chiesa, Rocco Chinnici. Ma anche Gaetano e Antonio Martino, Luigi Einaudi. Ci saranno figure come Padre Pio, Giovanni Paolo II, Papa Ratzinger e Don Giussani. E ancora, Dante Alighieri, Ulisse e Penelope. E con loro tanti altri\u00bb.<\/p>\n<p><strong>Da Telese, dunque, emerger\u00e0 una nuova Forza Italia?<\/strong><\/p>\n<p>\u00abI valori rimangono, ma \u00e8 il mondo fuori che \u00e8 cambiato e ci porta a dover affrontare in maniera diversa nuove sfide. E questo vogliamo fare faremo con il nostro nuovo &#8220;Manifesto della Libert\u00e0&#8221; dal quale emerger\u00e0 come centrale e prioritario il concetto di libert\u00e0 in tutte le sue declinazioni\u00bb.<\/p>\n","protected":false},"excerpt":{"rendered":"ROMA \u00abSiamo impegnati e stiamo lavorando in queste ore a una proposta di mediazione con Israele e con l&#8217;aiuto del governo di Cipro. Se accettata, questa proposta permetter\u00e0 di far arrivare gli aiuti della Flotilla ai palestinesi &#8211; avvisa il vicepremier e ministro degli Esteri, Antonio Tajani da New York, dove si trova per l&#8217;assemblea [&hellip;]","protected":false},"author":6,"featured_media":148210,"comment_status":"closed","ping_status":"closed","sticky":false,"template":"","format":"standard","meta":{"footnotes":""},"categories":[23],"tags":[6,28,26,360],"class_list":["post-148207","post","type-post","status-publish","format-standard","has-post-thumbnail","hentry","category-interviste","tag-mediterraneo-e-medio-oriente","tag-ministro","tag-onu","tag-ucraina"],"_links":{"self":[{"href":"https:\/\/www.esteri.it\/it\/wp-json\/wp\/v2\/posts\/148207","targetHints":{"allow":["GET"]}}],"collection":[{"href":"https:\/\/www.esteri.it\/it\/wp-json\/wp\/v2\/posts"}],"about":[{"href":"https:\/\/www.esteri.it\/it\/wp-json\/wp\/v2\/types\/post"}],"author":[{"embeddable":true,"href":"https:\/\/www.esteri.it\/it\/wp-json\/wp\/v2\/users\/6"}],"replies":[{"embeddable":true,"href":"https:\/\/www.esteri.it\/it\/wp-json\/wp\/v2\/comments?post=148207"}],"version-history":[{"count":1,"href":"https:\/\/www.esteri.it\/it\/wp-json\/wp\/v2\/posts\/148207\/revisions"}],"predecessor-version":[{"id":148213,"href":"https:\/\/www.esteri.it\/it\/wp-json\/wp\/v2\/posts\/148207\/revisions\/148213"}],"wp:featuredmedia":[{"embeddable":true,"href":"https:\/\/www.esteri.it\/it\/wp-json\/wp\/v2\/media\/148210"}],"wp:attachment":[{"href":"https:\/\/www.esteri.it\/it\/wp-json\/wp\/v2\/media?parent=148207"}],"wp:term":[{"taxonomy":"category","embeddable":true,"href":"https:\/\/www.esteri.it\/it\/wp-json\/wp\/v2\/categories?post=148207"},{"taxonomy":"post_tag","embeddable":true,"href":"https:\/\/www.esteri.it\/it\/wp-json\/wp\/v2\/tags?post=148207"}],"curies":[{"name":"wp","href":"https:\/\/api.w.org\/{rel}","templated":true}]}}