{"id":1508,"date":"2020-11-09T09:42:53","date_gmt":"2020-11-09T08:42:53","guid":{"rendered":"https:\/\/www.esteri.it\/sala_stampa\/archivionotizie\/comunicati\/2020\/11\/missione-del-ministro-di-maio-negli-emirati-arabi-uniti\/"},"modified":"2020-11-09T09:42:53","modified_gmt":"2020-11-09T08:42:53","slug":"missione-del-ministro-di-maio-negli-emirati-arabi-uniti","status":"publish","type":"post","link":"https:\/\/www.esteri.it\/it\/sala_stampa\/archivionotizie\/comunicati\/2020\/11\/missione-del-ministro-di-maio-negli-emirati-arabi-uniti\/","title":{"rendered":"Missione del Ministro Di Maio negli Emirati Arabi Uniti"},"content":{"rendered":"<p>Il Ministro degli Affari Esteri e della Cooperazione Internazionale, Luigi Di Maio, \u00e8 in missione negli Emirati Arabi Uniti.<\/p>\n<p>In agenda incontri con il Ministro degli Affari Esteri e della Cooperazione Internazionale, S.A. Sceicco Abdallah bin Zayed Al Nahyan, il Ministro della Tolleranza e della Coesistenza e Commissario Generale degli EAU per EXPO 2020 Dubai, S.E. Sceicco Nahyan bin Mubarak Al Nahyan e il Ministro dell\u2019Economia, S.E. Abdallah bin Touq Al Marri.<\/p>\n<p>Il titolare della Farnesina incontrer\u00e0 anche dei rappresentanti della comunit\u00e0 imprenditoriale e scientifica italiana negli EAU e visiter\u00e0 il sito di Expo Dubai.<\/p>\n","protected":false},"excerpt":{"rendered":"Il Ministro degli Affari Esteri e della Cooperazione Internazionale, Luigi Di Maio, \u00e8 in missione negli Emirati Arabi Uniti. In agenda incontri con il Ministro degli Affari Esteri e della Cooperazione Internazionale, S.A. Sceicco Abdallah bin Zayed Al Nahyan, il Ministro della Tolleranza e della Coesistenza e Commissario Generale degli EAU per EXPO 2020 Dubai, [&hellip;]","protected":false},"author":1,"featured_media":0,"comment_status":"","ping_status":"","sticky":false,"template":"","format":"standard","meta":{"footnotes":""},"categories":[1],"tags":[6,76],"class_list":["post-1508","post","type-post","status-publish","format-standard","hentry","category-comunicati","tag-mediterraneo-e-medio-oriente","tag-ministri-precedenti"],"_links":{"self":[{"href":"https:\/\/www.esteri.it\/it\/wp-json\/wp\/v2\/posts\/1508","targetHints":{"allow":["GET"]}}],"collection":[{"href":"https:\/\/www.esteri.it\/it\/wp-json\/wp\/v2\/posts"}],"about":[{"href":"https:\/\/www.esteri.it\/it\/wp-json\/wp\/v2\/types\/post"}],"author":[{"embeddable":true,"href":"https:\/\/www.esteri.it\/it\/wp-json\/wp\/v2\/users\/1"}],"replies":[{"embeddable":true,"href":"https:\/\/www.esteri.it\/it\/wp-json\/wp\/v2\/comments?post=1508"}],"version-history":[{"count":0,"href":"https:\/\/www.esteri.it\/it\/wp-json\/wp\/v2\/posts\/1508\/revisions"}],"wp:attachment":[{"href":"https:\/\/www.esteri.it\/it\/wp-json\/wp\/v2\/media?parent=1508"}],"wp:term":[{"taxonomy":"category","embeddable":true,"href":"https:\/\/www.esteri.it\/it\/wp-json\/wp\/v2\/categories?post=1508"},{"taxonomy":"post_tag","embeddable":true,"href":"https:\/\/www.esteri.it\/it\/wp-json\/wp\/v2\/tags?post=1508"}],"curies":[{"name":"wp","href":"https:\/\/api.w.org\/{rel}","templated":true}]}}