{"id":154872,"date":"2025-10-23T11:17:49","date_gmt":"2025-10-23T09:17:49","guid":{"rendered":"https:\/\/www.esteri.it\/?p=154872"},"modified":"2025-10-23T11:17:49","modified_gmt":"2025-10-23T09:17:49","slug":"nota-di-accreditamento-stampa-stati-generali-della-space-economy-farnesina-27-ottobre-2025","status":"publish","type":"post","link":"https:\/\/www.esteri.it\/it\/sala_stampa\/archivionotizie\/notestampa\/2025\/10\/nota-di-accreditamento-stampa-stati-generali-della-space-economy-farnesina-27-ottobre-2025\/","title":{"rendered":"NOTA DI ACCREDITAMENTO STAMPA &#8211; Stati Generali della Space Economy (Farnesina, 27 ottobre 2025)"},"content":{"rendered":"<p style=\"text-align: center;\"><strong>NOTA DI ACCREDITAMENTO STAMPA<br \/>\n<\/strong><strong>Stati Generali della Space Economy<br \/>\n<\/strong>\u201cLa diplomazia dello spazio: strumento di politica estera e motore di crescita\u201d<br \/>\n(Farnesina, 27 ottobre 2025)<\/p>\n<p style=\"text-align: center;\">\n<p><strong>Luned\u00ec<\/strong>\u00a0<strong>27 ottobre\u00a02025<\/strong>, avranno luogo presso la Sala Aldo Moro della Farnesina gli Stati Generali della Space Economy, \u201cLa diplomazia dello spazio: strumento di politica estera e motore di crescita\u201d.<\/p>\n<p>L\u2019evento, aperto alla stampa nella sua sessione di apertura, comincer\u00e0 <strong>alle ore<\/strong>\u00a0<strong>10:00\u00a0<\/strong>con i saluti istituzionali del Ministro degli Affari Esteri e della Cooperazione Internazionale,\u00a0<strong>Antonio Tajani<\/strong>. Interverranno, inoltre, il Presidente dell\u2019Intergruppo Parlamentare sulla Space Economy,\u00a0<strong>Andrea Mascaretti<\/strong>, la Vice Presidente del Parlamento Europeo,\u00a0<strong>Antonella Sberna<\/strong>, e la Vice Presidente e Assessore allo Sviluppo Economico della Regione Lazio,\u00a0<strong>Roberta Angelilli<\/strong>.<\/p>\n<p>I lavori proseguiranno poi a porte chiuse con un confronto su\u00a0\u201cRelazioni internazionali e cooperazione negli Indirizzi del Governo in materia spaziale e aerospaziale\u201d, moderata dal Segretario del COMINT,\u00a0<strong>Franco Federici<\/strong>\u00a0e l\u2019Inviato speciale per lo spazio della Farnesina,\u00a0<strong>Marco Lisi<\/strong>.<em>\u00a0<\/em>La conclusione dei lavori \u00e8 prevista per le ore 13:00.<\/p>\n<p>I giornalisti e cine-foto-operatori interessati potranno accreditarsi\u00a0entro le<strong>\u00a0ore 17:00\u00a0<\/strong>di\u00a0<strong>venerd\u00ec 24 ottobre,<\/strong>\u00a0registrandosi attraverso il link\u00a0<a href=\"https:\/\/portaleaccreditamento.esteri.it\/\">https:\/\/portaleaccreditamento.esteri.it<\/a>\u00a0e allegando la documentazione richiesta. Chi si \u00e8 gi\u00e0 registrato al Portale online e ha gi\u00e0 ricevuto conferma dal sistema di accettazione della propria registrazione, potr\u00e0 accedere al proprio profilo e selezionare la partecipazione all\u2019evento. Per qualunque chiarimento in merito, si prega di rivolgersi all\u2019Ufficio I della DGDP, tel. 06\/3691.3432 \u2013\u00a08210 \u2013 8573 \u20133078(<a href=\"mailto:accreditamentostampa@esteri.it\">accreditamentostampa@esteri.it<\/a>).<\/p>\n<p>I giornalisti ed i cine-foto-operatori accreditati potranno accedere alla Farnesina dall\u2019ingresso principale, lato sinistro, <strong>dalle ore\u00a09:00\u00a0alle\u00a09:30\u00a0di luned\u00ec<\/strong>\u00a0<strong>27 ottobre<\/strong>.<\/p>\n<p>&nbsp;<\/p>\n<p><em>La comunicazione dei dati personali sopra indicati equivale ad autorizzarne l\u2019utilizzo ai sensi del Decreto Legislativo 30 giugno 2003, n. 196 e del GDPR (Regolamento UE 2016\/679) da parte della\u00a0Direzione Generale per la Diplomazia Pubblica e Culturale\u00a0del Ministero degli Affari Esteri e della Cooperazione Internazionale, titolare del trattamento, per fini strettamente professionali e\/o legati allo svolgimento dell\u2019evento in oggetto<\/em><\/p>\n<p>&nbsp;<\/p>\n","protected":false},"excerpt":{"rendered":"NOTA DI ACCREDITAMENTO STAMPA Stati Generali della Space Economy \u201cLa diplomazia dello spazio: strumento di politica estera e motore di crescita\u201d (Farnesina, 27 ottobre 2025) Luned\u00ec\u00a027 ottobre\u00a02025, avranno luogo presso la Sala Aldo Moro della Farnesina gli Stati Generali della Space Economy, \u201cLa diplomazia dello spazio: strumento di politica estera e motore di crescita\u201d. L\u2019evento, [&hellip;]","protected":false},"author":6,"featured_media":0,"comment_status":"closed","ping_status":"closed","sticky":false,"template":"","format":"standard","meta":{"footnotes":""},"categories":[24],"tags":[],"class_list":["post-154872","post","type-post","status-publish","format-standard","hentry","category-notestampa"],"_links":{"self":[{"href":"https:\/\/www.esteri.it\/it\/wp-json\/wp\/v2\/posts\/154872","targetHints":{"allow":["GET"]}}],"collection":[{"href":"https:\/\/www.esteri.it\/it\/wp-json\/wp\/v2\/posts"}],"about":[{"href":"https:\/\/www.esteri.it\/it\/wp-json\/wp\/v2\/types\/post"}],"author":[{"embeddable":true,"href":"https:\/\/www.esteri.it\/it\/wp-json\/wp\/v2\/users\/6"}],"replies":[{"embeddable":true,"href":"https:\/\/www.esteri.it\/it\/wp-json\/wp\/v2\/comments?post=154872"}],"version-history":[{"count":1,"href":"https:\/\/www.esteri.it\/it\/wp-json\/wp\/v2\/posts\/154872\/revisions"}],"predecessor-version":[{"id":154875,"href":"https:\/\/www.esteri.it\/it\/wp-json\/wp\/v2\/posts\/154872\/revisions\/154875"}],"wp:attachment":[{"href":"https:\/\/www.esteri.it\/it\/wp-json\/wp\/v2\/media?parent=154872"}],"wp:term":[{"taxonomy":"category","embeddable":true,"href":"https:\/\/www.esteri.it\/it\/wp-json\/wp\/v2\/categories?post=154872"},{"taxonomy":"post_tag","embeddable":true,"href":"https:\/\/www.esteri.it\/it\/wp-json\/wp\/v2\/tags?post=154872"}],"curies":[{"name":"wp","href":"https:\/\/api.w.org\/{rel}","templated":true}]}}