{"id":15529,"date":"2013-10-22T13:07:50","date_gmt":"2013-10-22T11:07:50","guid":{"rendered":"https:\/\/www.esteri.it\/sala_stampa\/archivionotizie\/comunicati\/2013\/10\/20131022_siria_londra\/"},"modified":"2013-10-22T13:07:50","modified_gmt":"2013-10-22T11:07:50","slug":"20131022_siria_londra","status":"publish","type":"post","link":"https:\/\/www.esteri.it\/it\/sala_stampa\/archivionotizie\/approfondimenti\/2013\/10\/20131022_siria_londra\/","title":{"rendered":"Siria: dopo appello Ue, summit a Londra &#8211; L\u2019Italia chiede l\u2019apertura di \u201ccorridoi umanitari\u201d"},"content":{"rendered":"<p><P>Dall\u2019appello lanciato dall\u2019Europa nella riunione dei ministri degli esteri, al summit degli \u201cAmici della Siria\u201d che si svolge a Londra: il tema centrale \u00e8 la prospettiva di una \u201csoluzione politica\u201d alla crisi siriana anche attraverso la convocazione della conferenza di Ginevra. L\u2019Ue ha esortato \u201ctutte le parti\u201d del conflitto a \u201crispondere positivamente alla convocazione della conferenza di Ginevra\u201d per dare il via ad una \u201ctransizione politica credibile\u201d, secondo i principi enunciati nella prima conferenza di Ginevra, con la \u201ccostituzione di un governo transitorio con pieni poteri esecutivi e il controllo di tutte le istituzioni governative e di sicurezza\u201d. Per questo l\u2019Ue invita l\u2019opposizione a partecipare ed incoraggia la Coalizione Nazionale Siriana ad \u201cassumere un ruolo di primo piano\u201d durante le trattative.<\/P><br \/>\n<P><STRONG>La partecipazione del Viceministro Pistelli<\/STRONG><\/STRONG><\/P><br \/>\n<P>A Londra il Vice Ministro degli Esteri Lapo Pistelli rappresenter\u00e0 l\u2019Italia alla riunione del gruppo ristretto degli \u201cAmici della Siria\u201d per riaffermare l\u2019esigenza che i principali attori internazionali e regionali sostengano concretamente il processo di Ginevra ed esercitino la loro positiva influenza sulle parti affinch\u00e9 sul terreno si creino condizioni favorevoli per l\u2019avvio del processo negoziale. Pistelli evidenzier\u00e0 l\u2019urgenza, cos\u00ec come \u00e8 stato sottolineato dal Ministro Emma Bonino nell\u2019ambito del Consiglio Esteri a Lussemburgo, di assicurare l\u2019accesso dell\u2019aiuto umanitario in alcune aree particolarmente colpite dal conflitto, se necessario attraverso opportuni cessate il fuoco a livello locale. Bonino si incontrer\u00e0 a Roma con il Segretario di Stato Usa John Kerry che partecipa al \u201csummit\u201d di Londra dove ci sar\u00e0 anche una delegazione della Coalizione dell\u2019opposizione siriana, guidata dal presidente Ahmed Jarba. Il Ministro Bonino sar\u00e0 anche venerd\u00ec nella capitale britannica dove avr\u00e0 un colloquio con il collega William Hague.<\/P><br \/>\n<P><STRONG>Soluzione negoziata<\/STRONG><\/STRONG><\/P><br \/>\n<P>La riunione di Londra giunge in una fase decisiva del conflitto siriano. Dopo mesi di stallo sul fronte diplomatico, la recente evoluzione del dossier chimico e l\u2019adozione della risoluzione del Consiglio di Sicurezza Onu potrebbero dare nuova linfa al processo politico per una soluzione negoziata del conflitto, attraverso l&#8217;auspicato svolgimento in tempi brevi di una conferenza tra le parti a Ginevra.<\/P><\/p>\n","protected":false},"excerpt":{"rendered":"Dall\u2019appello lanciato dall\u2019Europa nella riunione dei ministri degli esteri, al summit degli \u201cAmici della Siria\u201d che si svolge a Londra: il tema centrale \u00e8 la prospettiva di una \u201csoluzione politica\u201d alla crisi siriana anche attraverso la convocazione della conferenza di Ginevra. L\u2019Ue ha esortato \u201ctutte le parti\u201d del conflitto a \u201crispondere positivamente alla convocazione della [&hellip;]","protected":false},"author":1,"featured_media":0,"comment_status":"","ping_status":"","sticky":false,"template":"","format":"standard","meta":{"footnotes":""},"categories":[2],"tags":[29,43,6,76],"class_list":["post-15529","post","type-post","status-publish","format-standard","hentry","category-approfondimenti","tag-cooperazione-sviluppo","tag-diritti-umani","tag-mediterraneo-e-medio-oriente","tag-ministri-precedenti"],"_links":{"self":[{"href":"https:\/\/www.esteri.it\/it\/wp-json\/wp\/v2\/posts\/15529","targetHints":{"allow":["GET"]}}],"collection":[{"href":"https:\/\/www.esteri.it\/it\/wp-json\/wp\/v2\/posts"}],"about":[{"href":"https:\/\/www.esteri.it\/it\/wp-json\/wp\/v2\/types\/post"}],"author":[{"embeddable":true,"href":"https:\/\/www.esteri.it\/it\/wp-json\/wp\/v2\/users\/1"}],"replies":[{"embeddable":true,"href":"https:\/\/www.esteri.it\/it\/wp-json\/wp\/v2\/comments?post=15529"}],"version-history":[{"count":0,"href":"https:\/\/www.esteri.it\/it\/wp-json\/wp\/v2\/posts\/15529\/revisions"}],"wp:attachment":[{"href":"https:\/\/www.esteri.it\/it\/wp-json\/wp\/v2\/media?parent=15529"}],"wp:term":[{"taxonomy":"category","embeddable":true,"href":"https:\/\/www.esteri.it\/it\/wp-json\/wp\/v2\/categories?post=15529"},{"taxonomy":"post_tag","embeddable":true,"href":"https:\/\/www.esteri.it\/it\/wp-json\/wp\/v2\/tags?post=15529"}],"curies":[{"name":"wp","href":"https:\/\/api.w.org\/{rel}","templated":true}]}}