{"id":1580,"date":"2020-10-19T19:43:36","date_gmt":"2020-10-19T17:43:36","guid":{"rendered":"https:\/\/www.esteri.it\/sala_stampa\/archivionotizie\/comunicati\/2020\/10\/nota-farnesina-nagorno-karabakh_0\/"},"modified":"2020-10-19T19:43:36","modified_gmt":"2020-10-19T17:43:36","slug":"nota-farnesina-nagorno-karabakh_0","status":"publish","type":"post","link":"https:\/\/www.esteri.it\/it\/sala_stampa\/archivionotizie\/comunicati\/2020\/10\/nota-farnesina-nagorno-karabakh_0\/","title":{"rendered":"Nota Farnesina &#8211; Nagorno Karabakh"},"content":{"rendered":"<p>L\u2019Italia accoglie con favore la rinnovata tregua umanitaria concordata tra Armenia e Azerbaigian nel fine settimana con la mediazione della Francia nella sua qualit\u00e0 di \u00a0co-chair del Gruppo di Minsk e chiede alle parti di rispettare\u00a0gli impegni assunti, ponendo fine a ogni violazione dell&#8217;intesa.\u00a0<\/p>\n<p>Esprimiamo il nostro cordoglio per le numerose vittime civili e condanniamo fermamente gli attacchi su Ganja, cos\u00ec come i bombardamenti indiscriminati su area popolate da entrambi i lati,\u00a0in particolare a Stepanakert\/Khankendi.<\/p>\n<p>Ci\u00a0uniamo pertanto agli appelli del Segretario Generale dell&#8217;ONU e della comunit\u00e0 internazionale per il pieno rispetto del diritto internazionale umanitario da entrambe le parti, affinch\u00e9 si ponga fine a ogni ulteriore sofferenza alle rispettive popolazioni gi\u00e0 provate da tanti anni di conflitto.<\/p>\n<p>Rinnoviamo\u00a0 in parallelo il forte auspicio che Armenia e Azerbaigian tornino ad impegnarsi in un dialogo costruttivo,\u00a0nella cornice negoziale del Gruppo di Minsk, e sosteniamo fermamente gli sforzi compiuti dai suoi Co-Presidenti a tal fine.<\/p>\n","protected":false},"excerpt":{"rendered":"L\u2019Italia accoglie con favore la rinnovata tregua umanitaria concordata tra Armenia e Azerbaigian nel fine settimana con la mediazione della Francia nella sua qualit\u00e0 di \u00a0co-chair del Gruppo di Minsk e chiede alle parti di rispettare\u00a0gli impegni assunti, ponendo fine a ogni violazione dell&#8217;intesa.\u00a0 Esprimiamo il nostro cordoglio per le numerose vittime civili e condanniamo [&hellip;]","protected":false},"author":1,"featured_media":0,"comment_status":"","ping_status":"","sticky":false,"template":"","format":"standard","meta":{"footnotes":""},"categories":[1],"tags":[45,25],"class_list":["post-1580","post","type-post","status-publish","format-standard","hentry","category-comunicati","tag-asia-e-oceania","tag-farnesina"],"_links":{"self":[{"href":"https:\/\/www.esteri.it\/it\/wp-json\/wp\/v2\/posts\/1580","targetHints":{"allow":["GET"]}}],"collection":[{"href":"https:\/\/www.esteri.it\/it\/wp-json\/wp\/v2\/posts"}],"about":[{"href":"https:\/\/www.esteri.it\/it\/wp-json\/wp\/v2\/types\/post"}],"author":[{"embeddable":true,"href":"https:\/\/www.esteri.it\/it\/wp-json\/wp\/v2\/users\/1"}],"replies":[{"embeddable":true,"href":"https:\/\/www.esteri.it\/it\/wp-json\/wp\/v2\/comments?post=1580"}],"version-history":[{"count":0,"href":"https:\/\/www.esteri.it\/it\/wp-json\/wp\/v2\/posts\/1580\/revisions"}],"wp:attachment":[{"href":"https:\/\/www.esteri.it\/it\/wp-json\/wp\/v2\/media?parent=1580"}],"wp:term":[{"taxonomy":"category","embeddable":true,"href":"https:\/\/www.esteri.it\/it\/wp-json\/wp\/v2\/categories?post=1580"},{"taxonomy":"post_tag","embeddable":true,"href":"https:\/\/www.esteri.it\/it\/wp-json\/wp\/v2\/tags?post=1580"}],"curies":[{"name":"wp","href":"https:\/\/api.w.org\/{rel}","templated":true}]}}