{"id":158577,"date":"2025-11-10T10:57:56","date_gmt":"2025-11-10T09:57:56","guid":{"rendered":"https:\/\/www.esteri.it\/?p=158577"},"modified":"2025-11-10T10:57:56","modified_gmt":"2025-11-10T09:57:56","slug":"il-sottosegretario-tripodi-a-santa-marta-partecipa-al-iv-vertice-celac-ue","status":"publish","type":"post","link":"https:\/\/www.esteri.it\/it\/sala_stampa\/archivionotizie\/comunicati\/2025\/11\/il-sottosegretario-tripodi-a-santa-marta-partecipa-al-iv-vertice-celac-ue\/","title":{"rendered":"Il Sottosegretario Tripodi a Santa Marta partecipa al IV Vertice CELAC \u2013 UE"},"content":{"rendered":"<p>Il Sottosegretario di Stato agli Affari Esteri e alla Cooperazione Internazionale, Maria Tripodi, ha partecipato, in rappresentanza dell\u2019Italia al IV Vertice CELAC- UE, a Santa Marta, in Colombia. Il Summit conferma l\u2019attenzione crescente dell\u2019Italia e dell\u2019UE verso il partenariato euro-latinoamericano, che coinvolge oltre un terzo degli Stati Membri delle Nazioni Unite. Al centro dell\u2019agenda, il rafforzamento dell\u2019ordine internazionale basato sulle regole, la triplice transizione climatica, energetica e ambientale, la promozione del commercio e degli investimenti, nonch\u00e9 la lotta al crimine organizzato.<\/p>\n<p>Nel suo intervento, il Sottosegretario Tripodi ha sottolineato: \u201ci recenti progressi negli accordi dell\u2019UE con i partner latinoamericani confermano il potenziale per un legame economico pi\u00f9 solido. In tempi di incertezza, dobbiamo rafforzare le nostre interconnessioni, diversificare i mercati e cooperare con ancora pi\u00f9 determinazione per rispondere alle sfide comuni\u201d.<br \/>\n\u201cIl nostro obiettivo \u00e8 chiaro &#8211; ha concluso Tripodi &#8211; costruire insieme un partenariato fondato sulla fiducia, sulla reciprocit\u00e0 e sulla prosperit\u00e0 condivisa\u201d.<\/p>\n<p>Nell\u2019odierna giornata conclusiva del Vertice verranno adottate una Dichiarazione politica congiunta e due Dichiarazioni su sicurezza dei cittadini e protezione sociale.<\/p>\n","protected":false},"excerpt":{"rendered":"Il Sottosegretario di Stato agli Affari Esteri e alla Cooperazione Internazionale, Maria Tripodi, ha partecipato, in rappresentanza dell\u2019Italia al IV Vertice CELAC- UE, a Santa Marta, in Colombia. Il Summit conferma l\u2019attenzione crescente dell\u2019Italia e dell\u2019UE verso il partenariato euro-latinoamericano, che coinvolge oltre un terzo degli Stati Membri delle Nazioni Unite. Al centro dell\u2019agenda, il [&hellip;]","protected":false},"author":3,"featured_media":0,"comment_status":"closed","ping_status":"closed","sticky":false,"template":"","format":"standard","meta":{"footnotes":""},"categories":[1],"tags":[398,387],"class_list":["post-158577","post","type-post","status-publish","format-standard","hentry","category-comunicati","tag-america-latina-e-caraibi","tag-sottosegretario-maria-tripodi"],"_links":{"self":[{"href":"https:\/\/www.esteri.it\/it\/wp-json\/wp\/v2\/posts\/158577","targetHints":{"allow":["GET"]}}],"collection":[{"href":"https:\/\/www.esteri.it\/it\/wp-json\/wp\/v2\/posts"}],"about":[{"href":"https:\/\/www.esteri.it\/it\/wp-json\/wp\/v2\/types\/post"}],"author":[{"embeddable":true,"href":"https:\/\/www.esteri.it\/it\/wp-json\/wp\/v2\/users\/3"}],"replies":[{"embeddable":true,"href":"https:\/\/www.esteri.it\/it\/wp-json\/wp\/v2\/comments?post=158577"}],"version-history":[{"count":1,"href":"https:\/\/www.esteri.it\/it\/wp-json\/wp\/v2\/posts\/158577\/revisions"}],"predecessor-version":[{"id":158580,"href":"https:\/\/www.esteri.it\/it\/wp-json\/wp\/v2\/posts\/158577\/revisions\/158580"}],"wp:attachment":[{"href":"https:\/\/www.esteri.it\/it\/wp-json\/wp\/v2\/media?parent=158577"}],"wp:term":[{"taxonomy":"category","embeddable":true,"href":"https:\/\/www.esteri.it\/it\/wp-json\/wp\/v2\/categories?post=158577"},{"taxonomy":"post_tag","embeddable":true,"href":"https:\/\/www.esteri.it\/it\/wp-json\/wp\/v2\/tags?post=158577"}],"curies":[{"name":"wp","href":"https:\/\/api.w.org\/{rel}","templated":true}]}}