{"id":15957,"date":"2013-09-13T14:12:29","date_gmt":"2013-09-13T12:12:29","guid":{"rendered":"https:\/\/www.esteri.it\/sala_stampa\/archivionotizie\/comunicati\/2013\/09\/20130913_expo2015\/"},"modified":"2013-09-13T14:12:29","modified_gmt":"2013-09-13T12:12:29","slug":"20130913_expo2015","status":"publish","type":"post","link":"https:\/\/www.esteri.it\/it\/sala_stampa\/archivionotizie\/approfondimenti\/2013\/09\/20130913_expo2015\/","title":{"rendered":"Expo 2015: Bonino, firmato accordo Francia-Italia"},"content":{"rendered":"<p><P>La Francia parteciper\u00e0 all&#8217;Expo 2015. Il contratto \u00e8 stato firmato per l&#8217;Italia da Stefano Gatti e per la Francia da Alain Berger. Si sono aggiunte le firme simboliche del presidente della Camera, Laura Boldrini, del ministro degli Esteri, Emma Bonino, del presidente dell&#8217;Assemblea nazionale francese Claude Bertolone e del viceministro Garot. Secondo l&#8217;accordo, la Francia avr\u00e0 uno dei pi\u00f9 grandi padiglioni dell&#8217;Expo 2015 e sar\u00e0 vicino all&#8217;area italiana. &#8221;Saremo vicini e concorrenti&#8221;, ha detto il direttore Affari internazionali Expo 2015, Stefano Gatti.<\/P><br \/>\n<P><STRONG>Siamo in dirittura d\u2019arrivo<\/STRONG><\/P><br \/>\n<P>Il Ministro Bonino ha ricordato che &#8220;sono 132 i paesi che hanno aderito all&#8217;Expo 2015 mentre sono 65 i contratti finora firmati, non manca molto tempo ma credo siamo in dirittura d&#8217;arrivo&#8221;. &#8220;Non ci aspettiamo grandi costruzioni architettoniche dall&#8217;Esposizione universale &#8211; ha spiegato &#8211; che invece pu\u00f2 anche rappresentare un momento di riflessione non soltanto sul tema dell&#8217;alimentazione (lanciato per Expo 2015) ma anche sulla nutrizione, la conservazione degli alimenti, gli sprechi, che hanno riflessi sui mercati&#8221;. <\/P><br \/>\n<P><STRONG><\/STRONG><\/P><br \/>\n<P><STRONG>Al centro anche le donne<\/STRONG><\/P><br \/>\n<P>Al centro dell&#8217;Expo universale ci saranno anche le donne. &#8220;Con il vice ministro Dass\u00f9 abbiamo pensato di aggiungere un progetto dedicato alle donne&#8221;. Il binomio donne e cibo, ha ricordato il ministro, sicuramente \u00e8 indissolubile ma l&#8217;accento posto da questo nuovo progetto riguarder\u00e0 anche le donne imprenditrici, le ricercatrici e tutte coloro che attraverso la loro azione sono protagoniste della vita sociale. L&#8217;Expo, ha poi concluso la titolare della Farnesina, sar\u00e0 anche un occasione per accrescere il legame fra tutti gli stati partecipanti. Secondo Bonino &#8220;la nuova libert\u00e0 di oggi \u00e8 la gestione corretta dell&#8217;interdipendenza&#8221;.<\/P><\/p>\n","protected":false},"excerpt":{"rendered":"La Francia parteciper\u00e0 all&#8217;Expo 2015. Il contratto \u00e8 stato firmato per l&#8217;Italia da Stefano Gatti e per la Francia da Alain Berger. Si sono aggiunte le firme simboliche del presidente della Camera, Laura Boldrini, del ministro degli Esteri, Emma Bonino, del presidente dell&#8217;Assemblea nazionale francese Claude Bertolone e del viceministro Garot. Secondo l&#8217;accordo, la Francia [&hellip;]","protected":false},"author":1,"featured_media":0,"comment_status":"","ping_status":"","sticky":false,"template":"","format":"standard","meta":{"footnotes":""},"categories":[2],"tags":[9,76,399],"class_list":["post-15957","post","type-post","status-publish","format-standard","hentry","category-approfondimenti","tag-europa","tag-ministri-precedenti","tag-vice-ministri-e-sottosegretari-precedenti"],"_links":{"self":[{"href":"https:\/\/www.esteri.it\/it\/wp-json\/wp\/v2\/posts\/15957","targetHints":{"allow":["GET"]}}],"collection":[{"href":"https:\/\/www.esteri.it\/it\/wp-json\/wp\/v2\/posts"}],"about":[{"href":"https:\/\/www.esteri.it\/it\/wp-json\/wp\/v2\/types\/post"}],"author":[{"embeddable":true,"href":"https:\/\/www.esteri.it\/it\/wp-json\/wp\/v2\/users\/1"}],"replies":[{"embeddable":true,"href":"https:\/\/www.esteri.it\/it\/wp-json\/wp\/v2\/comments?post=15957"}],"version-history":[{"count":0,"href":"https:\/\/www.esteri.it\/it\/wp-json\/wp\/v2\/posts\/15957\/revisions"}],"wp:attachment":[{"href":"https:\/\/www.esteri.it\/it\/wp-json\/wp\/v2\/media?parent=15957"}],"wp:term":[{"taxonomy":"category","embeddable":true,"href":"https:\/\/www.esteri.it\/it\/wp-json\/wp\/v2\/categories?post=15957"},{"taxonomy":"post_tag","embeddable":true,"href":"https:\/\/www.esteri.it\/it\/wp-json\/wp\/v2\/tags?post=15957"}],"curies":[{"name":"wp","href":"https:\/\/api.w.org\/{rel}","templated":true}]}}