{"id":16117,"date":"2013-08-27T11:05:36","date_gmt":"2013-08-27T09:05:36","guid":{"rendered":"https:\/\/www.esteri.it\/sala_stampa\/archivionotizie\/comunicati\/2013\/08\/20130827_siriaitnonsenzaonu\/"},"modified":"2013-08-27T11:05:36","modified_gmt":"2013-08-27T09:05:36","slug":"20130827_siriaitnonsenzaonu","status":"publish","type":"post","link":"https:\/\/www.esteri.it\/it\/sala_stampa\/archivionotizie\/approfondimenti\/2013\/08\/20130827_siriaitnonsenzaonu\/","title":{"rendered":"Siria: Bonino, Italia non parteciper\u00e0 al di fuori Onu"},"content":{"rendered":"<p><P>&#8220;L&#8217;Italia non prenderebbe attivamente parte a soluzioni militari al di fuori di un mandato del Consiglio di sicurezza dell&#8217;Onu&#8221;. Lo ha detto il Ministro Emma Bonino alle Commissioni Esteri congiunte del Parlamento in una comunicazione sui recenti sviluppi della situazione in Siria ed Egitto. Per l&#8217;Italia un mandato del Consiglio di sicurezza dell&#8217;Onu \u00e8 &#8220;l&#8217;unico quadro di riferimento giuridico&#8221; per un intervento militare contro la Siria, ha spiegato il Ministro.<\/P><br \/>\n<P><STRONG>Si rafforza ipotesi Assad abbia usato gas sarin<\/STRONG><\/P><br \/>\n<P><STRONG><\/STRONG><\/P><br \/>\n<P>&#8221;Gli elementi indiziari che abbiamo puntano a rafforzare l&#8217;ipotesi che siano state le forze siriane a far un uso massiccio di agenti chimici letali, in particolare il sarin&#8221;, che \u00e8 &#8221;il pi\u00f9 letale&#8221;, ha riferito il Ministro, sottolineando che &#8221;l&#8217;uso di armi chimiche caratterizzato da sistematicit\u00e0 e consapevolezza contro i civili \u00e8 un crimine di guerra ai sensi dello Statuto della Corte penale internazionale&#8221;.<\/P><br \/>\n<P><STRONG>Non c\u2019\u00e8 soluzione militare<\/STRONG><\/P><br \/>\n<P><STRONG><\/STRONG><\/P><br \/>\n<P>In ogni caso, il Ministro ha ribadito che &#8221;non c&#8217;\u00e8 soluzione militare al conflitto siriano&#8221;. &#8221;Prediamo atto&#8221; dell&#8217;annullamento da parte degli Usa della riunione preparatoria di Ginevra 2, e &#8221;ne capiamo le ragioni&#8221;, ma siamo convinti che &#8221;la soluzione negoziata \u00e8 la sola sostenibile: per questo rimane valido l&#8217;impegno verso Ginevra 2, o come si chiamer\u00e0&#8221;, ha aggiunto.<\/P><br \/>\n<P><STRONG>Egitto: altri giorni dolorosi ma non si torner\u00e0 2011<\/STRONG><\/P><br \/>\n<P><STRONG><\/STRONG><\/P><br \/>\n<P>Sulla situazione in Egitto, il Ministro ha detto che &#8221;non \u00e8 pensabile un puro e semplice ritorno al passato. Avremo davanti forse altri giorni ancor pi\u00f9 dolorosi ma non si pu\u00f2 pensare che si possa tornare al 2011, perch\u00e9 il risveglio della popolazione egiziana \u00e8 stato reale&#8221;. <\/P><br \/>\n<P><STRONG>Rischio terrorismo oltre confini Nord Africa<\/STRONG><\/P><br \/>\n<P><STRONG><\/STRONG><\/P><br \/>\n<P>&#8220;Temo che voler sradicare la Fratellanza significa spingere alcuni di loro su posizioni estremistiche, e anche la formazione di gruppi terroristici, che non si limiterebbero a vivere in Egitto o in Nord Africa ma che avrebbero ampia capacit\u00e0 di movimento&#8221;, \u00e8 l\u2019allarme lanciato dal Ministro.<\/P><br \/>\n<P><STRONG>Ue ha fallito mediazione, ma non lenta o assente<\/STRONG><\/P><br \/>\n<P><STRONG><\/STRONG><\/P><br \/>\n<P>Prima delle stragi nelle piazze del Cairo, &#8220;per una volta, come volevamo tutti, l&#8217;Europa ha parlato con una voce sola. Ma quella mediazione \u00e8 fallita. Ed \u00e8 duro ammetterlo, pi\u00f9 duro che se fosse stata lenta o assente&#8221;.<\/P><\/p>\n","protected":false},"excerpt":{"rendered":"&#8220;L&#8217;Italia non prenderebbe attivamente parte a soluzioni militari al di fuori di un mandato del Consiglio di sicurezza dell&#8217;Onu&#8221;. Lo ha detto il Ministro Emma Bonino alle Commissioni Esteri congiunte del Parlamento in una comunicazione sui recenti sviluppi della situazione in Siria ed Egitto. Per l&#8217;Italia un mandato del Consiglio di sicurezza dell&#8217;Onu \u00e8 &#8220;l&#8217;unico [&hellip;]","protected":false},"author":1,"featured_media":0,"comment_status":"","ping_status":"","sticky":false,"template":"","format":"standard","meta":{"footnotes":""},"categories":[2],"tags":[43,6,76],"class_list":["post-16117","post","type-post","status-publish","format-standard","hentry","category-approfondimenti","tag-diritti-umani","tag-mediterraneo-e-medio-oriente","tag-ministri-precedenti"],"_links":{"self":[{"href":"https:\/\/www.esteri.it\/it\/wp-json\/wp\/v2\/posts\/16117","targetHints":{"allow":["GET"]}}],"collection":[{"href":"https:\/\/www.esteri.it\/it\/wp-json\/wp\/v2\/posts"}],"about":[{"href":"https:\/\/www.esteri.it\/it\/wp-json\/wp\/v2\/types\/post"}],"author":[{"embeddable":true,"href":"https:\/\/www.esteri.it\/it\/wp-json\/wp\/v2\/users\/1"}],"replies":[{"embeddable":true,"href":"https:\/\/www.esteri.it\/it\/wp-json\/wp\/v2\/comments?post=16117"}],"version-history":[{"count":0,"href":"https:\/\/www.esteri.it\/it\/wp-json\/wp\/v2\/posts\/16117\/revisions"}],"wp:attachment":[{"href":"https:\/\/www.esteri.it\/it\/wp-json\/wp\/v2\/media?parent=16117"}],"wp:term":[{"taxonomy":"category","embeddable":true,"href":"https:\/\/www.esteri.it\/it\/wp-json\/wp\/v2\/categories?post=16117"},{"taxonomy":"post_tag","embeddable":true,"href":"https:\/\/www.esteri.it\/it\/wp-json\/wp\/v2\/tags?post=16117"}],"curies":[{"name":"wp","href":"https:\/\/api.w.org\/{rel}","templated":true}]}}