{"id":1664,"date":"2020-10-01T20:13:01","date_gmt":"2020-10-01T18:13:01","guid":{"rendered":"https:\/\/www.esteri.it\/sala_stampa\/archivionotizie\/comunicati\/2020\/10\/ministro-di-maio-riceve-min-presidente-laschet\/"},"modified":"2020-10-01T20:13:01","modified_gmt":"2020-10-01T18:13:01","slug":"ministro-di-maio-riceve-min-presidente-laschet","status":"publish","type":"post","link":"https:\/\/www.esteri.it\/it\/sala_stampa\/archivionotizie\/comunicati\/2020\/10\/ministro-di-maio-riceve-min-presidente-laschet\/","title":{"rendered":"Ministro Di Maio riceve Min Presidente Laschet"},"content":{"rendered":"<p style=\"text-align: justify;\">Il Ministro Luigi Di Maio ha ricevuto oggi in Farnesina Armin Laschet, Ministro Presidente del Land Nord-Reno Vestfalia e candidato alla presidenza della CDU.<\/p>\n<p style=\"text-align: justify;\">Il Ministro ha innanzitutto ringraziato il Presidente Laschet per la generosit\u00e0 e l\u2019aiuto ricevuti dalla Germania e dal Nord Reno Vestfalia durante la fase pi\u00f9 acuta dell\u2019emergenza sanitaria: il Land ha infatti ospitato nelle terapie intensive dei propri ospedali numerosi pazienti italiani. I due interlocutori hanno quindi concordato sulla possibilit\u00e0 di lavorare per rafforzare ulteriormente le relazioni economico-commerciali tra Italia e Nord Reno Vestfalia, uno dei Lander con i quali il nostro interscambio bilaterale \u00e8 pi\u00f9 elevato, contrastando cos\u00ec gli effetti negativi della crisi economica causata dal Covid.<\/p>\n<p style=\"text-align: justify;\">Sono state discusse le principali questioni dell\u2019attualit\u00e0 europea: i due interlocutori hanno convenuto sulla necessit\u00e0 che il Recovery Fund possa rappresentare anche un elemento di trasformazione dell\u2019economia europea, per renderla pi\u00f9 competitiva, digitale, sostenibile ed inclusiva e di come esso possa promuovere collaborazioni industriali anche tra Italia e Germania, segnatamente con il Nord Reno Westfalia. E\u2019 stato anche toccato il tema della gestione della migrazioni secondo una logica di responsabilit\u00e0 e solidariet\u00e0, parallelamente a una maggiore collaborazione con i Paesi di origine e transito. Il Ministro Di Maio ha ricordato come il rafforzamento delle responsabilit\u00e0 degli Stati nella gestione dei flussi migratori deve andare di pari passo con un aumento della solidariet\u00e0 tra i partner europei. Il colloquio ha offerto anche l\u2019occasione di uno scambio sulla necessit\u00e0 di rafforzare la sostenibilit\u00e0 delle politiche ambientali anche nel quadro europeo.<\/p>\n","protected":false},"excerpt":{"rendered":"Il Ministro Luigi Di Maio ha ricevuto oggi in Farnesina Armin Laschet, Ministro Presidente del Land Nord-Reno Vestfalia e candidato alla presidenza della CDU. Il Ministro ha innanzitutto ringraziato il Presidente Laschet per la generosit\u00e0 e l\u2019aiuto ricevuti dalla Germania e dal Nord Reno Vestfalia durante la fase pi\u00f9 acuta dell\u2019emergenza sanitaria: il Land ha [&hellip;]","protected":false},"author":1,"featured_media":0,"comment_status":"","ping_status":"","sticky":false,"template":"","format":"standard","meta":{"footnotes":""},"categories":[1],"tags":[9,26],"class_list":["post-1664","post","type-post","status-publish","format-standard","hentry","category-comunicati","tag-europa","tag-onu"],"_links":{"self":[{"href":"https:\/\/www.esteri.it\/it\/wp-json\/wp\/v2\/posts\/1664","targetHints":{"allow":["GET"]}}],"collection":[{"href":"https:\/\/www.esteri.it\/it\/wp-json\/wp\/v2\/posts"}],"about":[{"href":"https:\/\/www.esteri.it\/it\/wp-json\/wp\/v2\/types\/post"}],"author":[{"embeddable":true,"href":"https:\/\/www.esteri.it\/it\/wp-json\/wp\/v2\/users\/1"}],"replies":[{"embeddable":true,"href":"https:\/\/www.esteri.it\/it\/wp-json\/wp\/v2\/comments?post=1664"}],"version-history":[{"count":0,"href":"https:\/\/www.esteri.it\/it\/wp-json\/wp\/v2\/posts\/1664\/revisions"}],"wp:attachment":[{"href":"https:\/\/www.esteri.it\/it\/wp-json\/wp\/v2\/media?parent=1664"}],"wp:term":[{"taxonomy":"category","embeddable":true,"href":"https:\/\/www.esteri.it\/it\/wp-json\/wp\/v2\/categories?post=1664"},{"taxonomy":"post_tag","embeddable":true,"href":"https:\/\/www.esteri.it\/it\/wp-json\/wp\/v2\/tags?post=1664"}],"curies":[{"name":"wp","href":"https:\/\/api.w.org\/{rel}","templated":true}]}}